{"id":3492,"date":"2020-11-15T20:15:48","date_gmt":"2020-11-15T18:15:48","guid":{"rendered":"http:\/\/szentistvan.dnyem.hu\/?p=3492"},"modified":"2020-11-15T20:15:48","modified_gmt":"2020-11-15T18:15:48","slug":"krisztus-kiraly-2","status":"publish","type":"post","link":"https:\/\/szentistvan.dnyem.hu\/?p=3492","title":{"rendered":"Krisztus Kir\u00e1ly"},"content":{"rendered":"\n<p><strong>November 22-\u00e9n, vas\u00e1rnap<\/strong> lesz <strong><a href=\"http:\/\/lexikon.katolikus.hu\/K\/Krisztus%20Kir%C3%A1ly%20vas%C3%A1rnapja.html\">Krisztus Kir\u00e1ly \u00fcnnepe<\/a>.<\/strong> Ez a vas\u00e1rnap az egyh\u00e1zi \u00e9v utols\u00f3 vas\u00e1rnapja. Szombaton, <strong>november 21-\u00e9n, d\u00e9lut\u00e1n 16:00-t\u00f3l taiz\u00e9-i szents\u00e9gim\u00e1d\u00e1st tartunk<\/strong>, melyben k\u00f6z\u00f6sen adunk majd h\u00e1l\u00e1t az Isten aj\u00e1nd\u00e9kai\u00e9rt! Szeretettel h\u00edvom \u00e9s v\u00e1rom a Kedves Testv\u00e9reket!<\/p>\n","protected":false},"excerpt":{"rendered":"<p>November 22-\u00e9n, vas\u00e1rnap lesz Krisztus Kir\u00e1ly \u00fcnnepe. Ez a vas\u00e1rnap az egyh\u00e1zi \u00e9v utols\u00f3 vas\u00e1rnapja. Szombaton, november 21-\u00e9n, d\u00e9lut\u00e1n 16:00-t\u00f3l taiz\u00e9-i szents\u00e9gim\u00e1d\u00e1st tartunk, melyben k\u00f6z\u00f6sen&#8230;<\/p>\n","protected":false},"author":2,"featured_media":0,"comment_status":"closed","ping_status":"open","sticky":false,"template":"","format":"standard","meta":[],"categories":[1,9,2],"tags":[],"_links":{"self":[{"href":"https:\/\/szentistvan.dnyem.hu\/index.php?rest_route=\/wp\/v2\/posts\/3492"}],"collection":[{"href":"https:\/\/szentistvan.dnyem.hu\/index.php?rest_route=\/wp\/v2\/posts"}],"about":[{"href":"https:\/\/szentistvan.dnyem.hu\/index.php?rest_route=\/wp\/v2\/types\/post"}],"author":[{"embeddable":true,"href":"https:\/\/szentistvan.dnyem.hu\/index.php?rest_route=\/wp\/v2\/users\/2"}],"replies":[{"embeddable":true,"href":"https:\/\/szentistvan.dnyem.hu\/index.php?rest_route=%2Fwp%2Fv2%2Fcomments&post=3492"}],"version-history":[{"count":1,"href":"https:\/\/szentistvan.dnyem.hu\/index.php?rest_route=\/wp\/v2\/posts\/3492\/revisions"}],"predecessor-version":[{"id":3493,"href":"https:\/\/szentistvan.dnyem.hu\/index.php?rest_route=\/wp\/v2\/posts\/3492\/revisions\/3493"}],"wp:attachment":[{"href":"https:\/\/szentistvan.dnyem.hu\/index.php?rest_route=%2Fwp%2Fv2%2Fmedia&parent=3492"}],"wp:term":[{"taxonomy":"category","embeddable":true,"href":"https:\/\/szentistvan.dnyem.hu\/index.php?rest_route=%2Fwp%2Fv2%2Fcategories&post=3492"},{"taxonomy":"post_tag","embeddable":true,"href":"https:\/\/szentistvan.dnyem.hu\/index.php?rest_route=%2Fwp%2Fv2%2Ftags&post=3492"}],"curies":[{"name":"wp","href":"https:\/\/api.w.org\/{rel}","templated":true}]}}