{"id":3382,"date":"2020-08-04T15:19:20","date_gmt":"2020-08-04T13:19:20","guid":{"rendered":"http:\/\/szentistvan.dnyem.hu\/?p=3382"},"modified":"2020-08-04T15:19:20","modified_gmt":"2020-08-04T13:19:20","slug":"templomtakaritas-8","status":"publish","type":"post","link":"https:\/\/szentistvan.dnyem.hu\/?p=3382","title":{"rendered":"Templomtakar\u00edt\u00e1s"},"content":{"rendered":"\n<p><strong>Szombaton (augusztus 8-\u00e1n) 8:30-t\u00f3l templomtakar\u00edt\u00e1s.<\/strong><\/p>\n","protected":false},"excerpt":{"rendered":"<p>Szombaton (augusztus 8-\u00e1n) 8:30-t\u00f3l templomtakar\u00edt\u00e1s.<\/p>\n","protected":false},"author":2,"featured_media":0,"comment_status":"closed","ping_status":"open","sticky":false,"template":"","format":"standard","meta":[],"categories":[1,2],"tags":[],"_links":{"self":[{"href":"https:\/\/szentistvan.dnyem.hu\/index.php?rest_route=\/wp\/v2\/posts\/3382"}],"collection":[{"href":"https:\/\/szentistvan.dnyem.hu\/index.php?rest_route=\/wp\/v2\/posts"}],"about":[{"href":"https:\/\/szentistvan.dnyem.hu\/index.php?rest_route=\/wp\/v2\/types\/post"}],"author":[{"embeddable":true,"href":"https:\/\/szentistvan.dnyem.hu\/index.php?rest_route=\/wp\/v2\/users\/2"}],"replies":[{"embeddable":true,"href":"https:\/\/szentistvan.dnyem.hu\/index.php?rest_route=%2Fwp%2Fv2%2Fcomments&post=3382"}],"version-history":[{"count":1,"href":"https:\/\/szentistvan.dnyem.hu\/index.php?rest_route=\/wp\/v2\/posts\/3382\/revisions"}],"predecessor-version":[{"id":3383,"href":"https:\/\/szentistvan.dnyem.hu\/index.php?rest_route=\/wp\/v2\/posts\/3382\/revisions\/3383"}],"wp:attachment":[{"href":"https:\/\/szentistvan.dnyem.hu\/index.php?rest_route=%2Fwp%2Fv2%2Fmedia&parent=3382"}],"wp:term":[{"taxonomy":"category","embeddable":true,"href":"https:\/\/szentistvan.dnyem.hu\/index.php?rest_route=%2Fwp%2Fv2%2Fcategories&post=3382"},{"taxonomy":"post_tag","embeddable":true,"href":"https:\/\/szentistvan.dnyem.hu\/index.php?rest_route=%2Fwp%2Fv2%2Ftags&post=3382"}],"curies":[{"name":"wp","href":"https:\/\/api.w.org\/{rel}","templated":true}]}}