{"id":3370,"date":"2020-07-19T15:55:56","date_gmt":"2020-07-19T13:55:56","guid":{"rendered":"http:\/\/szentistvan.dnyem.hu\/?p=3370"},"modified":"2020-07-19T15:55:56","modified_gmt":"2020-07-19T13:55:56","slug":"unnepi-szentmise-agape","status":"publish","type":"post","link":"https:\/\/szentistvan.dnyem.hu\/?p=3370","title":{"rendered":"\u00dcnnepi szentmise, agap\u00e9"},"content":{"rendered":"\n<p><strong>J\u00falius 26-\u00e1n, vas\u00e1rnap, <a href=\"https:\/\/archiv.katolikus.hu\/szentek\/0726.html\">Szent Anna \u00e9s Szent Joachim<\/a> \u00fcnnep\u00e9n a Kod\u00e1ly K\u00f3rus Debrecen Kamarak\u00f3rusa Kiss Csaba karnagy vezet\u00e9s\u00e9vel magyar zeneszerz\u0151k zsolt\u00e1rfeldolgoz\u00e1sait fogja \u00e9nekelni templomunkban az \u00fcnnepi szentmise alatt.<\/strong> <\/p>\n\n\n\n<p><strong>A szentmis\u00e9t k\u00f6vet\u0151en agap\u00e9t tartunk a templomkertben<\/strong>, ahol lehet\u0151s\u00e9g ad\u00f3dik a k\u00f6lcs\u00f6n\u00f6s tal\u00e1lkoz\u00e1sra, besz\u00e9lget\u00e9sre! <strong>Erre az alkalomra, akinek lehet\u0151s\u00e9ge van r\u00e1, egy-egy t\u00e1lca s\u00fctem\u00e9nyt szeretettel fogadunk. <\/strong><\/p>\n\n\n\n<p>El\u0151re is k\u00f6sz\u00f6n\u00f6m a Kedves Testv\u00e9rek seg\u00edts\u00e9g\u00e9t!<\/p>\n","protected":false},"excerpt":{"rendered":"<p>J\u00falius 26-\u00e1n, vas\u00e1rnap, Szent Anna \u00e9s Szent Joachim \u00fcnnep\u00e9n a Kod\u00e1ly K\u00f3rus Debrecen Kamarak\u00f3rusa Kiss Csaba karnagy vezet\u00e9s\u00e9vel magyar zeneszerz\u0151k zsolt\u00e1rfeldolgoz\u00e1sait fogja \u00e9nekelni templomunkban az&#8230;<\/p>\n","protected":false},"author":2,"featured_media":0,"comment_status":"closed","ping_status":"open","sticky":false,"template":"","format":"standard","meta":[],"categories":[1,9,2],"tags":[],"_links":{"self":[{"href":"https:\/\/szentistvan.dnyem.hu\/index.php?rest_route=\/wp\/v2\/posts\/3370"}],"collection":[{"href":"https:\/\/szentistvan.dnyem.hu\/index.php?rest_route=\/wp\/v2\/posts"}],"about":[{"href":"https:\/\/szentistvan.dnyem.hu\/index.php?rest_route=\/wp\/v2\/types\/post"}],"author":[{"embeddable":true,"href":"https:\/\/szentistvan.dnyem.hu\/index.php?rest_route=\/wp\/v2\/users\/2"}],"replies":[{"embeddable":true,"href":"https:\/\/szentistvan.dnyem.hu\/index.php?rest_route=%2Fwp%2Fv2%2Fcomments&post=3370"}],"version-history":[{"count":1,"href":"https:\/\/szentistvan.dnyem.hu\/index.php?rest_route=\/wp\/v2\/posts\/3370\/revisions"}],"predecessor-version":[{"id":3371,"href":"https:\/\/szentistvan.dnyem.hu\/index.php?rest_route=\/wp\/v2\/posts\/3370\/revisions\/3371"}],"wp:attachment":[{"href":"https:\/\/szentistvan.dnyem.hu\/index.php?rest_route=%2Fwp%2Fv2%2Fmedia&parent=3370"}],"wp:term":[{"taxonomy":"category","embeddable":true,"href":"https:\/\/szentistvan.dnyem.hu\/index.php?rest_route=%2Fwp%2Fv2%2Fcategories&post=3370"},{"taxonomy":"post_tag","embeddable":true,"href":"https:\/\/szentistvan.dnyem.hu\/index.php?rest_route=%2Fwp%2Fv2%2Ftags&post=3370"}],"curies":[{"name":"wp","href":"https:\/\/api.w.org\/{rel}","templated":true}]}}