{"id":3312,"date":"2020-05-04T00:05:58","date_gmt":"2020-05-03T22:05:58","guid":{"rendered":"http:\/\/szentistvan.dnyem.hu\/?p=3312"},"modified":"2020-05-04T00:05:58","modified_gmt":"2020-05-03T22:05:58","slug":"ujra-lesznek-nyilvanos-szentmisek","status":"publish","type":"post","link":"https:\/\/szentistvan.dnyem.hu\/?p=3312","title":{"rendered":"\u00dajra lesznek nyilv\u00e1nos szentmis\u00e9k!"},"content":{"rendered":"\n<p><strong>Felh\u00edv\u00e1s!<\/strong><\/p>\n\n\n\n<p><strong>Kedves Testv\u00e9rek!<\/strong><\/p>\n\n\n\n<p>Ez\u00faton szeretn\u00e9m t\u00e1j\u00e9koztatni a Kedves Testv\u00e9reket, hogy <a href=\"https:\/\/net.jogtar.hu\/veszelyhelyzet\">Magyarorsz\u00e1g korm\u00e1nya,<\/a> valamint a <a href=\"http:\/\/dnyem.hu\/index.php\/item\/2940-majus-4-tol-ismet-nyilvanosak-lesznek-a-liturgiak-rendelkezesek-a-debrecen-nyiregyhazi-egyhazmegyeben-a-jarvanyugyi-korlatozasok-reszleges-feloldasarol\">Debrecen-Ny\u00edregyh\u00e1zi Egyh\u00e1zmegye megy\u00e9sp\u00fcsp\u00f6k\u00e9nek rendelkez\u00e9se<\/a> \u00e9rtelm\u00e9ben a j\u00f6v\u0151 vas\u00e1rnapt\u00f3l, <strong>2020. m\u00e1jus 10-t\u0151l, \u00fajra lesznek nyilv\u00e1nos szentmis\u00e9k a megszokott id\u0151pontban, amelyre szeretettel h\u00edvom \u00e9s v\u00e1rom a Kedves Testv\u00e9reket<\/strong><\/p>\n\n\n\n<p><strong>Kezdetben csak vas\u00e1rnaponk\u00e9nt<\/strong>, \u00e9s amint a j\u00e1rv\u00e1ny helyzete is engedi, a h\u00e9tk\u00f6znapi szentmis\u00e9k is megtart\u00e1sa ker\u00fclnek a Pl\u00e9b\u00e1niatemplomban!<\/p>\n\n\n\n<p>F\u0151tisztelend\u0151 Pal\u00e1nki\nFerenc P\u00fcsp\u00f6k \u00dar, az al\u00e1bbi rendelkez\u00e9st hozta a szentmise megtart\u00e1s\u00e1val\nkapcsolatban:<\/p>\n\n\n\n<ul><li>K\u00e9rem tov\u00e1bbra is a szenteltv\u00edztart\u00f3k\nhaszn\u00e1lat\u00e1nak mell\u0151z\u00e9s\u00e9t. A szentmis\u00e9k ut\u00e1n a templom padjait,\nsz\u00e9keit, ajt\u00f3kilincseket, korl\u00e1tokat t\u00f6r\u00f6lj\u00e9k \u00e1t fert\u0151tlen\u00edt\u0151vel!<\/li><li><strong>A\nbeteg \u00e9s id\u0151s h\u00edveinket k\u00e9rj\u00fck arra, hogy \u00f6nmaguk \u00e9s m\u00e1sok v\u00e9delm\u00e9ben m\u00e9g Ne\nj\u00f6jjenek templomi k\u00f6z\u00f6ss\u00e9gbe. \u0150k tov\u00e1bbra is az online k\u00f6zvet\u00edt\u00e9seken, vagy\na m\u00e9di\u00e1n kereszt\u00fcl kapcsol\u00f3djanak be a szentmis\u00e9kbe, szertart\u00e1sokba. Otthonuk\nlegyen m\u00e9g templomuk.<\/strong><\/li><\/ul>\n\n\n\n<ul><li><strong>K\u00f6telez\u0151 a templomban a sz\u00e1jat \u00e9s\norrot eltakar\u00f3 eszk\u00f6zt (v\u00e9d\u0151maszk, s\u00e1l, kend\u0151) viselni!!!<\/strong><\/li><li><strong>K\u00f6telez\u0151<\/strong> a templomba \u00e9rkez\u00e9skor a\nk\u00e9zfert\u0151tlen\u00edt\u00e9s, vagy a mag\u00e1val hozott, vagy a templom bej\u00e1rat\u00e1n\u00e1l kihelyezett\nfert\u0151tlen\u00edt\u0151szer haszn\u00e1lat\u00e1val!<\/li><li><strong>K\u00f6telez\u0151 <\/strong>egym\u00e1st\u00f3l 1,5-2m t\u00e1vols\u00e1gban \u00fagy elhelyezkedni,\nhogy csak minden m\u00e1sodik padban vagy sz\u00e9ksorban foglalhatnak helyet; az egy\nh\u00e1ztart\u00e1sban \u00e9l\u0151 csal\u00e1dtagok \u00fclhetnek egym\u00e1s mellett. A szem\u00e9lyek k\u00f6z\u00f6tti\nt\u00e1vols\u00e1g \u00e9s a templom m\u00e9retei meghat\u00e1rozz\u00e1k a r\u00e9sztvev\u0151k maxim\u00e1lis l\u00e9tsz\u00e1m\u00e1t!\nFelt\u00e9tlen\u00fcl ker\u00fclj\u00fck a csoportosul\u00e1st!!!<\/li><\/ul>\n\n\n\n<ul><li>A szentmis\u00e9ken tov\u00e1bbra is el kell\nhagyni a b\u00e9kek\u00f6sz\u00f6nt\u00e9st k\u00e9zfog\u00e1ssal!<\/li><\/ul>\n\n\n\n<p>A\nnyelvre \u00e9s a k\u00e9t sz\u00edn alatti \u00e1ldoztat\u00e1s tov\u00e1bbra sem enged\u00e9lyezett!<\/p>\n\n\n\n<ul><li>A k\u00e9zbe \u00e1ldoztat\u00e1s rendje:\nA mis\u00e9z\u0151 pap \u00e1ldoz\u00e1sa ut\u00e1n \u00e9s az \u00e1ldoztat\u00e1s megkezd\u00e9se el\u0151tt v\u00e9gezzen k\u00e9zfert\u0151tlen\u00edt\u00e9st!<\/li><\/ul>\n\n\n\n<p>A\nh\u00edvek egym\u00e1st\u00f3l 1,5-2m t\u00e1vols\u00e1got megtartva \u00e9s <strong>v\u00e9d\u0151maszkban <\/strong>j\u00e1ruljanak szent\u00e1ldoz\u00e1shoz \u00fagy, hogy mindk\u00e9t kez\u00fcket \u2014\namennyire hosszan csak lehet \u2014 ny\u00fajts\u00e1k el\u0151re, ugyan\u00edgy tegyen az \u00e1ldoztat\u00f3\npap, \u00e9s n\u00e9h\u00e1ny l\u00e9p\u00e9st tegyenek oldalra, igaz\u00edts\u00e1k a sz\u00e1jmaszkot az \u00e1lluk al\u00e1 \u00e9s\n\u00edgy vegy\u00e9k magukhoz az Olt\u00e1riszents\u00e9get, ut\u00e1na visszaigaz\u00edtott sz\u00e1jmaszkkal\nmenjenek a hely\u00fckre.<\/p>\n\n\n\n<ul><li>&nbsp;A kor\u00e1bban\nmegadott <strong>felment\u00e9st a vas\u00e1rnapi\nszentmis\u00e9n val\u00f3 r\u00e9szv\u00e9tel k\u00f6telezetts\u00e9ge al\u00f3l, tov\u00e1bbra is \u00e9rv\u00e9nyben hagyom<\/strong>,\nf\u0151leg a magas j\u00e1rv\u00e1nykock\u00e1zati koroszt\u00e1lyba tartoz\u00f3 h\u00edvek v\u00e9delm\u00e9ben!<\/li><li>Tekintettel\na fenn\u00e1ll\u00f3 j\u00e1rv\u00e1ny\u00fcgyi helyzetre <strong>tov\u00e1bbra\nis \u00e9rv\u00e9nyben hagyom<\/strong> <strong>az \u00e1ltal\u00e1nos\nfeloldoz\u00e1s megad\u00e1s\u00e1nak lehet\u0151s\u00e9g\u00e9t!<\/strong><\/li><\/ul>\n\n\n\n<p>Ezen F\u0151p\u00e1sztori rendelkez\u00e9sek az eg\u00e9sz Egyh\u00e1zmegye ter\u00fclet\u00e9n \u00e9rv\u00e9nyben\nvannak! Arra k\u00e9rem a Kedves Testv\u00e9reket, hogy ezek <strong>szigor\u00fa <\/strong>betart\u00e1sa mellett vegy\u00fcnk r\u00e9szt a szentmis\u00e9n!&nbsp; Ez\u00e1ltal is Vigy\u00e1zva \u00f6nmagunkra \u00e9s\nfelebar\u00e1tainkra is!<\/p>\n\n\n\n<p>Arra k\u00e9rem az id\u0151s\n\u00e9s beteg Testv\u00e9reket, hogy a szentmis\u00e9k ideje alatt is <strong>Im\u00e1dkozzanak odahaza vel\u00fcnk egy\u00fctt,<\/strong> valamint tov\u00e1bbra is k\u00f6vess\u00e9k a\nk\u00f6zm\u00e9dia \u00e1ltal felk\u00edn\u00e1lt lehet\u0151s\u00e9geket!<\/p>\n\n\n\n<p>H\u00edvom \u00e9s v\u00e1rom a t\u00f6bbi Kedves Testv\u00e9rt, hogy k\u00f6z\u00f6sen, \u00fajra tal\u00e1lkozhassunk\naz Isten sz\u00edne el\u0151tt!<\/p>\n\n\n\n<p>Szeretettel \u00e9s a viszontl\u00e1t\u00e1s rem\u00e9ny\u00e9ben!<\/p>\n\n\n\n<p>Bancsi Zolt\u00e1n<\/p>\n\n\n\n<p>&nbsp;&nbsp;&nbsp; pl\u00e9b\u00e1niai korm\u00e1nyz\u00f3&nbsp; <\/p>\n\n\n\n<p>Debrecen, 2020. m\u00e1jus 03.<\/p>\n","protected":false},"excerpt":{"rendered":"<p>Felh\u00edv\u00e1s! Kedves Testv\u00e9rek! Ez\u00faton szeretn\u00e9m t\u00e1j\u00e9koztatni a Kedves Testv\u00e9reket, hogy Magyarorsz\u00e1g korm\u00e1nya, valamint a Debrecen-Ny\u00edregyh\u00e1zi Egyh\u00e1zmegye megy\u00e9sp\u00fcsp\u00f6k\u00e9nek rendelkez\u00e9se \u00e9rtelm\u00e9ben a j\u00f6v\u0151 vas\u00e1rnapt\u00f3l, 2020. m\u00e1jus 10-t\u0151l,&#8230;<\/p>\n","protected":false},"author":2,"featured_media":0,"comment_status":"closed","ping_status":"open","sticky":false,"template":"","format":"standard","meta":[],"categories":[1,4,9],"tags":[],"_links":{"self":[{"href":"https:\/\/szentistvan.dnyem.hu\/index.php?rest_route=\/wp\/v2\/posts\/3312"}],"collection":[{"href":"https:\/\/szentistvan.dnyem.hu\/index.php?rest_route=\/wp\/v2\/posts"}],"about":[{"href":"https:\/\/szentistvan.dnyem.hu\/index.php?rest_route=\/wp\/v2\/types\/post"}],"author":[{"embeddable":true,"href":"https:\/\/szentistvan.dnyem.hu\/index.php?rest_route=\/wp\/v2\/users\/2"}],"replies":[{"embeddable":true,"href":"https:\/\/szentistvan.dnyem.hu\/index.php?rest_route=%2Fwp%2Fv2%2Fcomments&post=3312"}],"version-history":[{"count":1,"href":"https:\/\/szentistvan.dnyem.hu\/index.php?rest_route=\/wp\/v2\/posts\/3312\/revisions"}],"predecessor-version":[{"id":3313,"href":"https:\/\/szentistvan.dnyem.hu\/index.php?rest_route=\/wp\/v2\/posts\/3312\/revisions\/3313"}],"wp:attachment":[{"href":"https:\/\/szentistvan.dnyem.hu\/index.php?rest_route=%2Fwp%2Fv2%2Fmedia&parent=3312"}],"wp:term":[{"taxonomy":"category","embeddable":true,"href":"https:\/\/szentistvan.dnyem.hu\/index.php?rest_route=%2Fwp%2Fv2%2Fcategories&post=3312"},{"taxonomy":"post_tag","embeddable":true,"href":"https:\/\/szentistvan.dnyem.hu\/index.php?rest_route=%2Fwp%2Fv2%2Ftags&post=3312"}],"curies":[{"name":"wp","href":"https:\/\/api.w.org\/{rel}","templated":true}]}}