{"id":329,"date":"2015-09-26T20:58:03","date_gmt":"2015-09-26T19:58:03","guid":{"rendered":"http:\/\/szentistvan.dnyem.hu\/?p=329"},"modified":"2016-03-06T20:47:38","modified_gmt":"2016-03-06T19:47:38","slug":"egyhazmegyenk-uj-puspoke-palanki-ferenc","status":"publish","type":"post","link":"https:\/\/szentistvan.dnyem.hu\/?p=329","title":{"rendered":"Beiktatt\u00e1k egyh\u00e1zmegy\u00e9nk \u00faj p\u00fcsp\u00f6k\u00e9t"},"content":{"rendered":"<p style=\"text-align: center;\"><a href=\"http:\/\/magyarkurir.hu\/hirek\/orommel-es-szeretettel-jovok-beszelgetes-palanki-ferenc-kinevezett-debrecen-nyiregyhazi-puspokkel\" target=\"_blank\">&#8220;&#8230; \u00f6r\u00f6mmel \u00e9s szeretettel j\u00f6v\u00f6k.&#8221;<\/a><\/p>\n<p style=\"text-align: center;\"><a href=\"http:\/\/magyarkurir.hu\/hirek\/palanki-ferenc-debrecen-nyiregyhazi-egyhazmegye-uj-megyespuspoke\" target=\"_blank\"><strong>\u0150szents\u00e9ge,<\/strong> <strong>Ferenc p\u00e1pa<br \/>\n2015. szeptember 21-\u00e9n<br \/>\nMons. Pal\u00e1nki Ferenc egri seg\u00e9dp\u00fcsp\u00f6k\u00f6t<br \/>\na Debrecen-Ny\u00edregyh\u00e1zi Egyh\u00e1zmegye p\u00fcsp\u00f6k\u00e9v\u00e9<br \/>\nnevezte ki.<\/strong><\/a><\/p>\n<p>2015. november 14-\u00e9n, szombaton d\u00e9lel\u0151tt f\u00e9l 11-kor a Szent Anna sz\u00e9kesegyh\u00e1zban beiktatt\u00e1k hivatal\u00e1ba egyh\u00e1zmegy\u00e9nk \u00faj p\u00fcsp\u00f6k\u00e9t, f\u0151tisztelend\u0151 Pal\u00e1nki Ferencet.<br \/>\nIm\u00e1dkozzunk tov\u00e1bbra is \u00faj f\u0151p\u00e1sztorunk\u00e9rt.<\/p>\n","protected":false},"excerpt":{"rendered":"<p>&#8220;&#8230; \u00f6r\u00f6mmel \u00e9s szeretettel j\u00f6v\u00f6k.&#8221; \u0150szents\u00e9ge, Ferenc p\u00e1pa 2015. szeptember 21-\u00e9n Mons. Pal\u00e1nki Ferenc egri seg\u00e9dp\u00fcsp\u00f6k\u00f6t a Debrecen-Ny\u00edregyh\u00e1zi Egyh\u00e1zmegye p\u00fcsp\u00f6k\u00e9v\u00e9 nevezte ki. 2015. november 14-\u00e9n,&#8230;<\/p>\n","protected":false},"author":2,"featured_media":330,"comment_status":"closed","ping_status":"open","sticky":false,"template":"","format":"standard","meta":[],"categories":[5,4,2],"tags":[],"_links":{"self":[{"href":"https:\/\/szentistvan.dnyem.hu\/index.php?rest_route=\/wp\/v2\/posts\/329"}],"collection":[{"href":"https:\/\/szentistvan.dnyem.hu\/index.php?rest_route=\/wp\/v2\/posts"}],"about":[{"href":"https:\/\/szentistvan.dnyem.hu\/index.php?rest_route=\/wp\/v2\/types\/post"}],"author":[{"embeddable":true,"href":"https:\/\/szentistvan.dnyem.hu\/index.php?rest_route=\/wp\/v2\/users\/2"}],"replies":[{"embeddable":true,"href":"https:\/\/szentistvan.dnyem.hu\/index.php?rest_route=%2Fwp%2Fv2%2Fcomments&post=329"}],"version-history":[{"count":13,"href":"https:\/\/szentistvan.dnyem.hu\/index.php?rest_route=\/wp\/v2\/posts\/329\/revisions"}],"predecessor-version":[{"id":720,"href":"https:\/\/szentistvan.dnyem.hu\/index.php?rest_route=\/wp\/v2\/posts\/329\/revisions\/720"}],"wp:featuredmedia":[{"embeddable":true,"href":"https:\/\/szentistvan.dnyem.hu\/index.php?rest_route=\/wp\/v2\/media\/330"}],"wp:attachment":[{"href":"https:\/\/szentistvan.dnyem.hu\/index.php?rest_route=%2Fwp%2Fv2%2Fmedia&parent=329"}],"wp:term":[{"taxonomy":"category","embeddable":true,"href":"https:\/\/szentistvan.dnyem.hu\/index.php?rest_route=%2Fwp%2Fv2%2Fcategories&post=329"},{"taxonomy":"post_tag","embeddable":true,"href":"https:\/\/szentistvan.dnyem.hu\/index.php?rest_route=%2Fwp%2Fv2%2Ftags&post=329"}],"curies":[{"name":"wp","href":"https:\/\/api.w.org\/{rel}","templated":true}]}}