{"id":3283,"date":"2020-04-12T21:27:06","date_gmt":"2020-04-12T19:27:06","guid":{"rendered":"http:\/\/szentistvan.dnyem.hu\/?p=3283"},"modified":"2020-04-13T17:16:06","modified_gmt":"2020-04-13T15:16:06","slug":"nagyszombat-vigilia-szertartas","status":"publish","type":"post","link":"https:\/\/szentistvan.dnyem.hu\/?p=3283","title":{"rendered":"Nagyszombat &#8211; vig\u00edlia szertart\u00e1s"},"content":{"rendered":"\n<p>Nagyszombaton este 20:00 \u00f3r\u00e1t\u00f3l templomunkban Bancsi Zolt\u00e1n pl\u00e9b\u00e1nos atya bemutatta a <a href=\"http:\/\/lexikon.katolikus.hu\/H\/h%C3%BAsv%C3%A9t%20vig%C3%ADli%C3%A1ja.html\">h\u00fasv\u00e9ti vig\u00edlia<\/a> szertart\u00e1st. A j\u00e1rv\u00e1nyhelyzet miatt csak otthonainkb\u00f3l, lelkileg lehett\u00fcnk jelen az egyh\u00e1zi \u00e9v cs\u00facspontj\u00e1t jelent\u0151 esem\u00e9nyen.<\/p>\n\n\n\n<p>Nagyszombaton az esti vig\u00edlia-szertart\u00e1s\u00e1val kezdet\u00e9t veszi a Katolikus Egyh\u00e1z legfontosabb \u00fcnnepe, a h\u00fasv\u00e9t, amely a kereszt\u00e9nys\u00e9g legnagyobb \u00f6r\u00f6mh\u00edr\u00e9t hirdeti: J\u00e9zus Krisztus felt\u00e1madt a hal\u00e1lb\u00f3l \u00e9s mindenkit megh\u00edv az \u00f6r\u00f6k \u00e9letre.<\/p>\n\n\n\n<figure class=\"wp-block-image\"><img src=\"http:\/\/szentistvan.dnyem.hu\/wp-content\/uploads\/2020\/04\/k\u00e9p-2.png\" alt=\"A k\u00e9phez tartoz\u00f3 alt jellemz\u0151 \u00fcres; k\u00e9p-2.png a f\u00e1jln\u00e9v\"\/><\/figure>\n\n\n\n<p> Nagyszombaton \u201eaz Egyh\u00e1z J\u00e9zus s\u00edrja mellett virraszt\u201d, a n\u00e9mas\u00e1g t\u00f6lti be a vil\u00e1got. Ebben a n\u00e9mas\u00e1gban hangzik fel a <a href=\"http:\/\/szentistvan.dnyem.hu\/?p=3290\">H\u00fasv\u00e9ti \u00f6r\u00f6m\u00e9nek<\/a> \u00e9s az \u00e9jszaka s\u00f6t\u00e9tj\u00e9ben gyullad fel a <a href=\"http:\/\/lexikon.katolikus.hu\/H\/h%C3%BAsv%C3%A9ti%20gyertya.html\">h\u00fasv\u00e9ti gyertya<\/a> f\u00e9nye, amely hirdeti Isten gy\u0151zelm\u00e9t a hal\u00e1l felett, Krisztus felt\u00e1mad\u00e1s\u00e1t.<br> H\u00fasv\u00e9t \u00e9jszak\u00e1j\u00e1n, az Egyh\u00e1z tal\u00e1n legszebb \u00fcnnepl\u00e9se jelen\u00edti meg sz\u00e1munkra a szent titkokat. A liturgia s\u00f6t\u00e9tben kezd\u0151dik, abban a s\u00f6t\u00e9tben, amely a vil\u00e1gra borult Krisztus hal\u00e1la ut\u00e1n. A h\u00fasv\u00e9ti vig\u00edlia szimb\u00f3lumaiban megjelenik a f\u00e9ny \u00e9s a s\u00f6t\u00e9t, a t\u0171z \u00e9s a v\u00edz, hogy egy\u00fctt magasztalj\u00e1k a felt\u00e1madott Krisztust, aki legy\u0151zte a s\u00f6t\u00e9ts\u00e9get, a hal\u00e1lt. A vig\u00edlia szertart\u00e1sa n\u00e9gy, j\u00f3l elk\u00fcl\u00f6n\u00fcl\u0151 l\u00e9nyegi r\u00e9szb\u0151l \u00e1ll: a f\u00e9ny liturgi\u00e1j\u00e1b\u00f3l, az igeliturgi\u00e1b\u00f3l, a v\u00edzszentel\u00e9sb\u0151l \u00e9s az \u00e1ldozati liturgi\u00e1b\u00f3l. Ez a jelenlegi liturgikus rend a IV. sz\u00e1zadra vezethet\u0151 vissza.<br> A h\u00fasv\u00e9ti gyertya f\u00e9nye J\u00e9zus Krisztus gy\u0151zelm\u00e9t jelzi, a felt\u00e1mad\u00e1s\u00e1t, amely belevil\u00e1g\u00edt a templom s\u00f6t\u00e9tj\u00e9be \u00e9s egy\u00fattal a vil\u00e1g s\u00f6t\u00e9tj\u00e9be is, hogy \u00faj rem\u00e9nyt adjon. Az Egyh\u00e1z leggy\u00f6ny\u00f6r\u0171bb \u00e9neke, az <a href=\"http:\/\/lexikon.katolikus.hu\/E\/Exsultet.html\">Exsultet<\/a>, a <a href=\"http:\/\/szentistvan.dnyem.hu\/?p=3290\">H\u00fasv\u00e9ti \u00f6r\u00f6m\u00e9nek<\/a> ut\u00e1n kezd\u0151dik az igeliturgia: az \u00f3sz\u00f6vets\u00e9gi olvasm\u00e1nyok (Ter1,1-2,2; Ter 22,1-18; Kiv 14,15-15,1; Iz 54,5-14; Iz 55,1-11; B\u00e1r 3,9-15.32-4,4; Ez 36,16-28) v\u00e9gigvezetnek minket az \u00fcdv\u00f6ss\u00e9gt\u00f6rt\u00e9net nagy \u00e1llom\u00e1sain. Az utols\u00f3 olvasm\u00e1ny ut\u00e1n felcsend\u00fcl a Gl\u00f3ria, Isten dics\u0151\u00edt\u00e9se \u00e9s \u201evisszat\u00e9rnek a harangok\u201d, megh\u00edvva a h\u00edv\u0151ket Krisztus gy\u0151zelm\u00e9nek \u00fcnnepl\u00e9s\u00e9re. A szentleck\u00e9t (R\u00f3m 6,3\u201311) k\u00f6vet\u0151en az \u00fcnnep\u00e9lyes Alleluja Isten n\u00e9p\u00e9nek ujjong\u00f3 \u00f6r\u00f6m\u00e9t fejezi ki. J\u00e9zus felt\u00e1mad\u00e1s\u00e1t, az igazi \u00f6r\u00f6mh\u00edrt hirdeti az evang\u00e9lium (A \u00e9vben, 2020-ban: Mt 28,1\u201310; B \u00e9vben, 2021-ben: Mk 16,1-7; C \u00e9vben, 2022-ben: Lk 24,1-12).<br> A pr\u00e9dik\u00e1ci\u00f3 ut\u00e1n elim\u00e1dkozza az Egyh\u00e1z a <a href=\"https:\/\/regi.katolikus.hu\/lelkiseg.php?h=15\">mindenszentek lit\u00e1ni\u00e1j\u00e1t<\/a>, hiszen a kereszts\u00e9ggel az Egyh\u00e1z tagj\u00e1v\u00e1 lesz\u00fcnk, amelyhez a szentek k\u00f6z\u00f6ss\u00e9ge is hozz\u00e1tartozik. A h\u00fasv\u00e9ti szertart\u00e1s a keresztv\u00edz megszentel\u00e9s\u00e9vel folytat\u00f3dik. A katolikus templomokban \u0151si hagyom\u00e1nyt k\u00f6vetve \u00e1ltal\u00e1ban h\u00fasv\u00e9t vig\u00edli\u00e1j\u00e1n, a nagyszombati szertart\u00e1s sor\u00e1n szolg\u00e1ltatj\u00e1k ki a kereszts\u00e9g szents\u00e9g\u00e9t a feln\u0151tt korukban megt\u00e9rteknek, vagyis ekkor fogadja \u0151ket tagjai k\u00f6z\u00e9 az Egyh\u00e1z. Az Egyh\u00e1z akkor is szentel vizet, ha keresztel\u00e9sre nem ker\u00fcl sor: \u00edgy lesz ez az idei \u00e9vben is, mivel a j\u00e1rv\u00e1ny miatt az Istentiszteleti \u00e9s Szents\u00e9gi Fegyelmi Kongreg\u00e1ci\u00f3 dekr\u00e9tuma szerint a kereszts\u00e9g liturgi\u00e1j\u00e1n\u00e1l csak a kereszts\u00e9gi fogad\u00e1st \u00faj\u00edtjuk meg.<br> Ezt k\u00f6vet\u0151en a szentmise a szokott rend szerint folytat\u00f3dik. A liturgia \u00fcnnepi \u00e1ld\u00e1ssal \u00e9r v\u00e9get, mivel a hagyom\u00e1nyos h\u00fasv\u00e9ti k\u00f6rmenet az id\u00e9n elmarad.<\/p>\n\n\n\n<script>\nvar igemutato = {config: {forditas: 'SZIT'}},\ns = document.getElementsByTagName('script')[0],\ne = document.createElement('script');\ne.id = 'igemutato-script';\ne.src = 'https:\/\/molnarm.github.io\/igemutato.min.js';\ns.parentNode.insertBefore(e, s);\n<\/script>\n\n\n\n<p> <\/p>\n","protected":false},"excerpt":{"rendered":"<p>Nagyszombaton este 20:00 \u00f3r\u00e1t\u00f3l templomunkban Bancsi Zolt\u00e1n pl\u00e9b\u00e1nos atya bemutatta a h\u00fasv\u00e9ti vig\u00edlia szertart\u00e1st. A j\u00e1rv\u00e1nyhelyzet miatt csak otthonainkb\u00f3l, lelkileg lehett\u00fcnk jelen az egyh\u00e1zi \u00e9v&#8230;<\/p>\n","protected":false},"author":2,"featured_media":0,"comment_status":"closed","ping_status":"open","sticky":false,"template":"","format":"standard","meta":[],"categories":[5,1,9],"tags":[],"_links":{"self":[{"href":"https:\/\/szentistvan.dnyem.hu\/index.php?rest_route=\/wp\/v2\/posts\/3283"}],"collection":[{"href":"https:\/\/szentistvan.dnyem.hu\/index.php?rest_route=\/wp\/v2\/posts"}],"about":[{"href":"https:\/\/szentistvan.dnyem.hu\/index.php?rest_route=\/wp\/v2\/types\/post"}],"author":[{"embeddable":true,"href":"https:\/\/szentistvan.dnyem.hu\/index.php?rest_route=\/wp\/v2\/users\/2"}],"replies":[{"embeddable":true,"href":"https:\/\/szentistvan.dnyem.hu\/index.php?rest_route=%2Fwp%2Fv2%2Fcomments&post=3283"}],"version-history":[{"count":3,"href":"https:\/\/szentistvan.dnyem.hu\/index.php?rest_route=\/wp\/v2\/posts\/3283\/revisions"}],"predecessor-version":[{"id":3292,"href":"https:\/\/szentistvan.dnyem.hu\/index.php?rest_route=\/wp\/v2\/posts\/3283\/revisions\/3292"}],"wp:attachment":[{"href":"https:\/\/szentistvan.dnyem.hu\/index.php?rest_route=%2Fwp%2Fv2%2Fmedia&parent=3283"}],"wp:term":[{"taxonomy":"category","embeddable":true,"href":"https:\/\/szentistvan.dnyem.hu\/index.php?rest_route=%2Fwp%2Fv2%2Fcategories&post=3283"},{"taxonomy":"post_tag","embeddable":true,"href":"https:\/\/szentistvan.dnyem.hu\/index.php?rest_route=%2Fwp%2Fv2%2Ftags&post=3283"}],"curies":[{"name":"wp","href":"https:\/\/api.w.org\/{rel}","templated":true}]}}