{"id":3214,"date":"2020-04-05T21:53:20","date_gmt":"2020-04-05T19:53:20","guid":{"rendered":"http:\/\/szentistvan.dnyem.hu\/?p=3214"},"modified":"2020-04-09T00:27:23","modified_gmt":"2020-04-08T22:27:23","slug":"nagyhetfo","status":"publish","type":"post","link":"https:\/\/szentistvan.dnyem.hu\/?p=3214","title":{"rendered":"Csal\u00e1di liturgia a Nagyh\u00e9ten &#8211; Nagyh\u00e9tf\u0151"},"content":{"rendered":"\n<p><a href=\"https:\/\/vasarnap.hu\/2020\/04\/01\/barsi-balazs-csaladi-liturgia-nagyhetre\/\">&lt;&lt;&lt; teljes nagyheti csal\u00e1di liturgia<\/a><\/p>\n\n\n\n<p><a href=\"http:\/\/szentistvan.dnyem.hu\/?p=249\">&lt;&lt; Nagyh\u00e9t <\/a><\/p>\n\n\n\n<p><a href=\"http:\/\/szentistvan.dnyem.hu\/?p=3177\">&lt; Vir\u00e1gvas\u00e1rnap<\/a><\/p>\n\n\n\n<p><a href=\"http:\/\/szentistvan.dnyem.hu\/?p=3223\">Nagykedd &gt;<\/a><\/p>\n\n\n\n<p>A Nagyh\u00e9t els\u0151 h\u00e1rom napja<\/p>\n\n\n\n<figure class=\"wp-block-image size-large\"><img loading=\"lazy\" width=\"1024\" height=\"671\" src=\"http:\/\/szentistvan.dnyem.hu\/wp-content\/uploads\/2020\/04\/2020_nagyhetfo_01.jpg\" alt=\"\" class=\"wp-image-3215\" srcset=\"https:\/\/szentistvan.dnyem.hu\/wp-content\/uploads\/2020\/04\/2020_nagyhetfo_01.jpg 1024w, https:\/\/szentistvan.dnyem.hu\/wp-content\/uploads\/2020\/04\/2020_nagyhetfo_01-540x354.jpg 540w, https:\/\/szentistvan.dnyem.hu\/wp-content\/uploads\/2020\/04\/2020_nagyhetfo_01-768x503.jpg 768w\" sizes=\"(max-width: 1024px) 100vw, 1024px\" \/><\/figure>\n\n\n\n<p><strong>Nagyh\u00e9tf\u0151:<\/strong><\/p>\n\n\n\n<p><strong>Napi elm\u00e9lked\u00e9s  <\/strong><\/p>\n\n\n\n<ul><li>Bevezet\u0151\n\tim\u00e1ds\u00e1g:\n<\/li><\/ul>\n\n\n\n<p>\n\u201e<em>F\u00f6ls\u00e9ges\n\u00e9s dics\u0151s\u00e9ges Isten! Vil\u00e1gos\u00edtsd meg sz\u00edv\u00fcnk s\u00f6t\u00e9ts\u00e9g\u00e9t.\nAdj nek\u00fcnk igaz hitet, biztos rem\u00e9nyt \u00e9s t\u00f6k\u00e9letes szeretetet;\n\u00e9rz\u00e9ket, \u00e9s \u00e9rtelmet, hogy megtegy\u00fck a te szent \u00e9s igaz\nparancsodat\u201d <\/em>(Assisi\nSzent Ferenc)<\/p>\n\n\n\n<ul><li>Lelki\n\tolvasm\u00e1ny elolvas\u00e1sa:\n<\/li><\/ul>\n\n\n\n<p>\n<strong>M\u00e1ria\npedig fogott egy font igazi, dr\u00e1ga n\u00e1rduszolajat, megkente J\u00e9zus\nl\u00e1b\u00e1t, \u00e9s haj\u00e1val t\u00f6r\u00f6lgette azt.<\/strong><\/p>\n\n\n\n<p>\nJ\u00e9zusra\nn\u00e9zni, \u0150t szeml\u00e9lni \u2013 ez vezet be a Nagyh\u00e9t \u00e9s a Szent\nH\u00e1romnap titk\u00e1ba. Ism\u00e9t M\u00e1ri\u00e1t\u00f3l kell tanulnunk, aki \u00fajra csak\np\u00e9ld\u00e1t ad nek\u00fcnk, hogyan figyelj\u00fcnk az egy sz\u00fcks\u00e9gesre. Az \u0151\ningyenes, pazarl\u00f3an nagylelk\u0171 szeretete m\u00e9lt\u00f3 egyed\u00fcl ahhoz a\nt\u00fal\u00e1rad\u00f3 t\u00e9kozl\u00f3 szeretethez, amelyet Isten Fia ir\u00e1ntunk\ntan\u00fas\u00edtott. Az \u0151 csendes, h\u00e1tt\u00e9rbe h\u00faz\u00f3d\u00f3, ugyanakkor \u00fcnnepet\nrendez\u0151 lelk\u00fclete illik ahhoz a miszt\u00e9riumhoz, amelynek\nmeg\u00fcnnepl\u00e9s\u00e9re k\u00e9sz\u00fcl\u00fcnk. S az \u0151 tiszteletteljes, al\u00e1zatos\nh\u00f3dolata j\u00e1r annak, aki \u00e1ldozat lett \u00e9rt\u00fcnk, hogy elvegye\nb\u0171neinket.<\/p>\n\n\n\n<p>\nEz\na n\u00e9h\u00e1ny nap az igazi kereszt\u00e9ny lelkigyakorlat. Olyan l\u00e9lekkel\nkell k\u00e9sz\u00fcln\u00fcnk r\u00e1, mintha \u00e9let\u00fcnk utols\u00f3 H\u00fasv\u00e9tj\u00e1t\n\u00fcnnepeln\u00e9nk\nitt a f\u00f6ld\u00f6n. F\u00e9lre\nkell tenn\u00fcnk a legnemesebb \u00fcgyeket, legfontosabb feladatokat is,\nh\u00e1tt\u00e9rbe szor\u00edtani az emberi szempontokat, \u00e9s szem\u00fcnket J\u00e9zusra\nf\u00fcggeszteni.<\/p>\n\n\n\n<p>\n\u00daj\nevangeliz\u00e1ci\u00f3r\u00f3l besz\u00e9l\u00fcnk \u00e9s a sokf\u00e9le \u00edns\u00e9gr\u0151l, amelyet\nnem n\u00e9zhet\u00fcnk t\u00e9tlen\u00fcl. K\u00f6zben megfeledkez\u00fcnk arr\u00f3l, hogy\nmindenekel\u0151tt \u00f6nmagunk evangeliz\u00e1ci\u00f3j\u00e1ra kell gondot viseln\u00fcnk,\ns erre nincs jobb alkalom, mint az Urunk, J\u00e9zus Krisztus\nszenved\u00e9s\u00e9nek, hal\u00e1l\u00e1nak \u00e9s felt\u00e1mad\u00e1s\u00e1nak miszt\u00e9riumaiban\nval\u00f3 elm\u00e9ly\u00fcl\u00e9s. J\u00fad\u00e1s esete figyelmeztet arra, hogy a\nszeg\u00e9nyek \u00fcgy\u00e9nek felkarol\u00e1sa k\u00f6nnyen puszta \u00fcr\u00fcggy\u00e9 v\u00e1lhat,\nha csup\u00e1n a szeg\u00e9nyeket n\u00e9zz\u00fck, \u00e9s nem J\u00e9zust. Csak az, aki \u0151t\nszeml\u00e9li, l\u00e1thatja meg j\u00f3l az emberi \u00edns\u00e9get is, mert benne\nl\u00e1tja a szeg\u00e9nyeket, s \u0151t l\u00e1tja benn\u00fck. Csak az ismerheti fel a\nszeg\u00e9nyekben Krisztust, aki m\u00e1r el\u00e9g sokat szeml\u00e9lte \u0151t\nkiz\u00e1r\u00f3lagos figyelemmel, mint oly sokan a szentek k\u00f6z\u00fcl.<\/p>\n\n\n\n<p>\nUrunk\nJ\u00e9zus, ne hagyd, hogy becsapjuk magunkat: hogyan is hirdethetn\u00e9nk\nsz\u00f3val \u00e9s tettel, eg\u00e9sz \u00e9let\u00fcnkkel az evang\u00e9liumot, ha nem\nhagyjuk, hogy el\u0151bb benn\u00fcnket j\u00e1rjon \u00e1t sz\u00edv\u00fcnk m\u00e9ly\u00e9ig? Mit\nis tudn\u00e1nk adni a szeg\u00e9nyeknek, a szenved\u0151knek, a hitetleneknek,\nha \u00e9rz\u00e9ketlen\u00fcl megy\u00fcnk el hit\u00fcnk legm\u00e9lyebb titkai mellett?\nAdd kegyelmedet, hogy a most k\u00f6vetkez\u0151 napokban sz\u00edv\u00fcnk \u00e9s\n\u00e9rtelm\u00fcnk teljes figyelm\u00e9vel T\u00e9ged szeml\u00e9lj\u00fcnk, s majd csak a\nh\u00fasv\u00e9ti miszt\u00e9rium \u00e1ltal \u00fajj\u00e1sz\u00fcletve induljunk hirdetni a Te\nhal\u00e1lodat \u00e9s felt\u00e1mad\u00e1sodat.<\/p>\n\n\n\n<ul><li>\n\tCs\u00f6nd,\n\talatta elm\u00e9lked\u00e9s a hallott sz\u00f6vegr\u0151l\n\t<\/li><li>Megoszt\u00e1s\n\t<\/li><li>Befejez\u0151\n\tim\u00e1ds\u00e1g:\n<\/li><\/ul>\n\n\n\n<p>\u201eUrunk\nKrisztus, aki szenved\u00e9sedben \u00e9s hal\u00e1lodban megmutattad nek\u00fcnk\nir\u00e1ntunk val\u00f3 felm\u00e9rhetetlen szeretetedet, h\u00e1l\u00e1t adunk neked e\nv\u00e9gs\u0151kig val\u00f3 szeretet\u00e9rt! \u00d3 kegyess\u00e9ggel teli F\u0151pap, aki\nv\u00e9red \u00e1ltal \u00fajra megnyitottad a szentek szentj\u00e9nek kapuit, s aki\nsz\u00fcntelen\u00fcl k\u00f6zbenj\u00e1rsz \u00e9rett\u00fcnk: ti\u00e9d minden dics\u00e9ret \u00e9s\nminden dics\u0151s\u00e9g mind\u00f6r\u00f6kk\u00e9. \u00c1men.\u201d<\/p>\n\n\n\n<p><strong>\u00c9tkez\u00e9si im\u00e1ds\u00e1g:<\/strong><\/p>\n\n\n\n<p>\u00c9tkez\u00e9s\nel\u0151tt: <em>(a\nkereszt fel\u00e9 fordulva)<\/em><\/p>\n\n\n\n<p>E\n(el\u0151im\u00e1dkoz\u00f3): Im\u00e1dunk t\u00e9ged Krisztus \u00e9s \u00e1ldunk T\u00e9ged!<\/p>\n\n\n\n<p>M\n(mindenki): Mert szent kereszted \u00e1ltal megv\u00e1ltottad a vil\u00e1got.<\/p>\n\n\n\n<p>E:\nA megv\u00e1lt\u00f3 szent k\u00ednhal\u00e1l, melyben a f\u00f6ld \u00fcdv\u00f6t tal\u00e1l<\/p>\n\n\n\n<p>M:\nAdjon Urunk most b\u00e9k\u00fcl\u00e9st, sz\u00edv\u00fcnk v\u00e1gy\u00e1nak enyh\u00fcl\u00e9st.<\/p>\n\n\n\n<p>E:\nT\u00e1pl\u00e1ljanak szent titkaid, ihlessenek v\u00e9rcseppjeid.<\/p>\n\n\n\n<p>M:\nLelk\u00fcnknek m\u00e9lye teljen el, szenved\u00e9sed eml\u00e9kivel.<\/p>\n\n\n\n<p>E:\nH\u00e1roms\u00e1gos nagy Isten\u00fcnk, dics\u00e9rnek t\u00e9ged mindenek.<\/p>\n\n\n\n<p>M:\nKiket megv\u00e1lt a Szent Kereszt: vez\u00e9relj minket sz\u00fcntelen. \u00c1men.<\/p>\n\n\n\n<p>\u00c9tkez\u00e9s\nut\u00e1n:<\/p>\n\n\n\n<p>E\n(el\u0151im\u00e1dkoz\u00f3): \u00dagy szerette Isten a vil\u00e1got<\/p>\n\n\n\n<p>M\n(mindenki):\nHogy egysz\u00fcl\u00f6tt Fi\u00e1t adta \u00e9rte.<\/p>\n\n\n\n<p>E:\nH\u00e1l\u00e1t adunk neked, Isten\u00fcnk<\/p>\n\n\n\n<p>M:\nSzereteted adom\u00e1nyai\u00e9rt.<\/p>\n\n\n\n<p>E:\n\u00c1ldj meg \u00e9s \u0151rizz meg minket, add, hogy b\u0171ntelen sz\u00edvvel jussunk\nel H\u00fasv\u00e9t \u00fcnnep\u00e9re.<\/p>\n\n\n\n<p>M:\nKi \u00e9lsz \u00e9s uralkodol mind\u00f6r\u00f6kk\u00f6n-\u00f6r\u00f6kk\u00e9. \u00c1men.<\/p>\n\n\n\n<p><strong>Napi el\u0151k\u00e9sz\u00fclet<\/strong><\/p>\n\n\n\n<p>A j\u00f3l rajzol\u00f3 gyermek rajzolja egy kem\u00e9ny pap\u00edrra a keresztre fesz\u00edtett J\u00e9zust. A rajzot k\u00f6r\u00fcl ny\u00edrva ragasszuk a keresztre. A keresztet az \u00e9desanya \u00e9s a l\u00e1nyok \u00e1ltal k\u00e9sz\u00edtett lila vagy s\u00f6t\u00e9tk\u00e9k lepellel bor\u00edts\u00e1k be, \u00e9s maradjon \u00edgy a nagyp\u00e9nteki liturgi\u00e1ig.<\/p>\n\n\n\n<figure class=\"wp-block-image size-large\"><img loading=\"lazy\" width=\"1024\" height=\"768\" src=\"http:\/\/szentistvan.dnyem.hu\/wp-content\/uploads\/2020\/04\/2020_nagyhetfo_02.jpg\" alt=\"\" class=\"wp-image-3216\" srcset=\"https:\/\/szentistvan.dnyem.hu\/wp-content\/uploads\/2020\/04\/2020_nagyhetfo_02.jpg 1024w, https:\/\/szentistvan.dnyem.hu\/wp-content\/uploads\/2020\/04\/2020_nagyhetfo_02-540x405.jpg 540w, https:\/\/szentistvan.dnyem.hu\/wp-content\/uploads\/2020\/04\/2020_nagyhetfo_02-768x576.jpg 768w, https:\/\/szentistvan.dnyem.hu\/wp-content\/uploads\/2020\/04\/2020_nagyhetfo_02-480x360.jpg 480w\" sizes=\"(max-width: 1024px) 100vw, 1024px\" \/><\/figure>\n\n\n\n<p><a href=\"https:\/\/vasarnap.hu\/2020\/04\/01\/barsi-balazs-csaladi-liturgia-nagyhetre\/\">&lt;&lt;&lt; Teljes nagyheti csal\u00e1di liturgia<\/a><\/p>\n\n\n\n<p><a href=\"http:\/\/szentistvan.dnyem.hu\/?p=249\">&lt;&lt; Nagyh\u00e9t<\/a><\/p>\n\n\n\n<p><a href=\"http:\/\/szentistvan.dnyem.hu\/?p=3177\">&lt; Vir\u00e1gvas\u00e1rnap<\/a><\/p>\n\n\n\n<p><a href=\"http:\/\/szentistvan.dnyem.hu\/?p=3223\">Nagykedd &gt;<\/a><\/p>\n","protected":false},"excerpt":{"rendered":"<p>&lt;&lt;&lt; teljes nagyheti csal\u00e1di liturgia &lt;&lt; Nagyh\u00e9t &lt; Vir\u00e1gvas\u00e1rnap Nagykedd &gt; A Nagyh\u00e9t els\u0151 h\u00e1rom napja Nagyh\u00e9tf\u0151: Napi elm\u00e9lked\u00e9s Bevezet\u0151 im\u00e1ds\u00e1g: \u201eF\u00f6ls\u00e9ges \u00e9s dics\u0151s\u00e9ges Isten!&#8230;<\/p>\n","protected":false},"author":2,"featured_media":0,"comment_status":"closed","ping_status":"open","sticky":false,"template":"","format":"standard","meta":[],"categories":[1,9,2],"tags":[],"_links":{"self":[{"href":"https:\/\/szentistvan.dnyem.hu\/index.php?rest_route=\/wp\/v2\/posts\/3214"}],"collection":[{"href":"https:\/\/szentistvan.dnyem.hu\/index.php?rest_route=\/wp\/v2\/posts"}],"about":[{"href":"https:\/\/szentistvan.dnyem.hu\/index.php?rest_route=\/wp\/v2\/types\/post"}],"author":[{"embeddable":true,"href":"https:\/\/szentistvan.dnyem.hu\/index.php?rest_route=\/wp\/v2\/users\/2"}],"replies":[{"embeddable":true,"href":"https:\/\/szentistvan.dnyem.hu\/index.php?rest_route=%2Fwp%2Fv2%2Fcomments&post=3214"}],"version-history":[{"count":5,"href":"https:\/\/szentistvan.dnyem.hu\/index.php?rest_route=\/wp\/v2\/posts\/3214\/revisions"}],"predecessor-version":[{"id":3276,"href":"https:\/\/szentistvan.dnyem.hu\/index.php?rest_route=\/wp\/v2\/posts\/3214\/revisions\/3276"}],"wp:attachment":[{"href":"https:\/\/szentistvan.dnyem.hu\/index.php?rest_route=%2Fwp%2Fv2%2Fmedia&parent=3214"}],"wp:term":[{"taxonomy":"category","embeddable":true,"href":"https:\/\/szentistvan.dnyem.hu\/index.php?rest_route=%2Fwp%2Fv2%2Fcategories&post=3214"},{"taxonomy":"post_tag","embeddable":true,"href":"https:\/\/szentistvan.dnyem.hu\/index.php?rest_route=%2Fwp%2Fv2%2Ftags&post=3214"}],"curies":[{"name":"wp","href":"https:\/\/api.w.org\/{rel}","templated":true}]}}