{"id":3170,"date":"2020-03-25T12:22:57","date_gmt":"2020-03-25T10:22:57","guid":{"rendered":"http:\/\/szentistvan.dnyem.hu\/?p=3170"},"modified":"2020-03-25T12:22:57","modified_gmt":"2020-03-25T10:22:57","slug":"vilagmeretu-kozos-imadsagra-hiv-a-vilagjarvany-idejen-ferenc-papa","status":"publish","type":"post","link":"https:\/\/szentistvan.dnyem.hu\/?p=3170","title":{"rendered":"Vil\u00e1gm\u00e9ret\u0171 k\u00f6z\u00f6s im\u00e1ds\u00e1gra h\u00edv a vil\u00e1gj\u00e1rv\u00e1ny idej\u00e9n Ferenc p\u00e1pa"},"content":{"rendered":"\n<p>M\u00e1rcius 22-\u00e9n d\u00e9lben az \u00darangyala elim\u00e1dkoz\u00e1sa ut\u00e1n Ferenc p\u00e1pa felh\u00edv\u00e1ssal fordult a k\u00fcl\u00f6nf\u00e9le felekezetekhez tartoz\u00f3 \u00f6sszes kereszt\u00e9nyhez, hogy m\u00e1rcius 25-\u00e9n, szerd\u00e1n d\u00e9lben mindenki egy\u00fctt im\u00e1dkozzon a Magass\u00e1gos, Mindenhat\u00f3 Istenhez.<\/p>\n\n\n\n<p><a href=\"https:\/\/www.magyarkurir.hu\/hirek\/vilagmeretu-kozos-imadsagra-hiv-vilagjarvany-idejen-ferenc-papa-marcius-25-re\">https:\/\/www.magyarkurir.hu\/hirek\/vilagmeretu-kozos-imadsagra-hiv-vilagjarvany-idejen-ferenc-papa-marcius-25-re<\/a><\/p>\n","protected":false},"excerpt":{"rendered":"<p>M\u00e1rcius 22-\u00e9n d\u00e9lben az \u00darangyala elim\u00e1dkoz\u00e1sa ut\u00e1n Ferenc p\u00e1pa felh\u00edv\u00e1ssal fordult a k\u00fcl\u00f6nf\u00e9le felekezetekhez tartoz\u00f3 \u00f6sszes kereszt\u00e9nyhez, hogy m\u00e1rcius 25-\u00e9n, szerd\u00e1n d\u00e9lben mindenki egy\u00fctt im\u00e1dkozzon&#8230;<\/p>\n","protected":false},"author":2,"featured_media":0,"comment_status":"closed","ping_status":"open","sticky":false,"template":"","format":"standard","meta":[],"categories":[1,9,2],"tags":[],"_links":{"self":[{"href":"https:\/\/szentistvan.dnyem.hu\/index.php?rest_route=\/wp\/v2\/posts\/3170"}],"collection":[{"href":"https:\/\/szentistvan.dnyem.hu\/index.php?rest_route=\/wp\/v2\/posts"}],"about":[{"href":"https:\/\/szentistvan.dnyem.hu\/index.php?rest_route=\/wp\/v2\/types\/post"}],"author":[{"embeddable":true,"href":"https:\/\/szentistvan.dnyem.hu\/index.php?rest_route=\/wp\/v2\/users\/2"}],"replies":[{"embeddable":true,"href":"https:\/\/szentistvan.dnyem.hu\/index.php?rest_route=%2Fwp%2Fv2%2Fcomments&post=3170"}],"version-history":[{"count":1,"href":"https:\/\/szentistvan.dnyem.hu\/index.php?rest_route=\/wp\/v2\/posts\/3170\/revisions"}],"predecessor-version":[{"id":3171,"href":"https:\/\/szentistvan.dnyem.hu\/index.php?rest_route=\/wp\/v2\/posts\/3170\/revisions\/3171"}],"wp:attachment":[{"href":"https:\/\/szentistvan.dnyem.hu\/index.php?rest_route=%2Fwp%2Fv2%2Fmedia&parent=3170"}],"wp:term":[{"taxonomy":"category","embeddable":true,"href":"https:\/\/szentistvan.dnyem.hu\/index.php?rest_route=%2Fwp%2Fv2%2Fcategories&post=3170"},{"taxonomy":"post_tag","embeddable":true,"href":"https:\/\/szentistvan.dnyem.hu\/index.php?rest_route=%2Fwp%2Fv2%2Ftags&post=3170"}],"curies":[{"name":"wp","href":"https:\/\/api.w.org\/{rel}","templated":true}]}}