{"id":3153,"date":"2020-03-16T11:36:43","date_gmt":"2020-03-16T09:36:43","guid":{"rendered":"http:\/\/szentistvan.dnyem.hu\/?p=3153"},"modified":"2020-03-16T11:36:43","modified_gmt":"2020-03-16T09:36:43","slug":"koronavirus","status":"publish","type":"post","link":"https:\/\/szentistvan.dnyem.hu\/?p=3153","title":{"rendered":"Koronav\u00edrus"},"content":{"rendered":"\n<p>A koronav\u00edrus j\u00e1rv\u00e1ny nagyobb m\u00e9rt\u00e9k\u0171 elterjed\u00e9s\u00e9nek megel\u0151z\u00e9se \u00e9rdek\u00e9ben az elm\u00falt vas\u00e1rnap kihirdetett \u00e9s az\u00f3ta is \u00e9rv\u00e9nyben l\u00e9v\u0151, a Magyar Katolikus P\u00fcsp\u00f6ki Konferencia \u00e1ltal kiadott <a href=\"https:\/\/katolikus.hu\/cikk\/az-mkpk-intezkedesei-jarvany-megelozese-erdekeben\">rendelkez\u00e9sek<\/a> az al\u00e1bbiakkal b\u0151v\u00fcltek: <\/p>\n\n\n\n<ul><li>A gyermekek homlok\u00e1ra nem keresztet fogunk rajzolni, hanem csak meg\u00e1ldjuk \u0151ket. <\/li><li>A\n perselyadom\u00e1nyt a szentmise v\u00e9g\u00e9n a t\u00e1voz\u00e1skor a kij\u00e1ratn\u00e1l l\u00e9v\u0151 \nperselybe kell elhelyezni, mert a k\u00e9szp\u00e9nz is  vesz\u00e9lyforr\u00e1s lehet a \nbetegs\u00e9g \u00e1tad\u00e1s\u00e1t tekintve.<\/li><\/ul>\n\n\n\n<p>Nagyon k\u00f6sz\u00f6n\u00f6m a kedves testv\u00e9rek meg\u00e9rt\u00e9s\u00e9t, k\u00f6zrem\u0171k\u00f6d\u00e9s\u00e9t. <\/p>\n\n\n\n<p><a href=\"https:\/\/katolikus.hu\/cikk\/az-mkpk-kozlemenye-4960363\">A Magyar Katolikus P\u00fcsp\u00f6ki Konferencia k\u00f6zlem\u00e9nye 2020. m\u00e1rcius 13-\u00e1n<\/a><\/p>\n\n\n\n<p><a href=\"https:\/\/katolikus.hu\/cikk\/erdo-peter-biboros-imadsaga-jarvany-idejen\">Erd\u0151 P\u00e9ter b\u00edboros im\u00e1ds\u00e1ga j\u00e1rv\u00e1ny idej\u00e9n<\/a><\/p>\n","protected":false},"excerpt":{"rendered":"<p>A koronav\u00edrus j\u00e1rv\u00e1ny nagyobb m\u00e9rt\u00e9k\u0171 elterjed\u00e9s\u00e9nek megel\u0151z\u00e9se \u00e9rdek\u00e9ben az elm\u00falt vas\u00e1rnap kihirdetett \u00e9s az\u00f3ta is \u00e9rv\u00e9nyben l\u00e9v\u0151, a Magyar Katolikus P\u00fcsp\u00f6ki Konferencia \u00e1ltal kiadott rendelkez\u00e9sek&#8230;<\/p>\n","protected":false},"author":2,"featured_media":0,"comment_status":"closed","ping_status":"open","sticky":false,"template":"","format":"standard","meta":[],"categories":[1,4,9],"tags":[],"_links":{"self":[{"href":"https:\/\/szentistvan.dnyem.hu\/index.php?rest_route=\/wp\/v2\/posts\/3153"}],"collection":[{"href":"https:\/\/szentistvan.dnyem.hu\/index.php?rest_route=\/wp\/v2\/posts"}],"about":[{"href":"https:\/\/szentistvan.dnyem.hu\/index.php?rest_route=\/wp\/v2\/types\/post"}],"author":[{"embeddable":true,"href":"https:\/\/szentistvan.dnyem.hu\/index.php?rest_route=\/wp\/v2\/users\/2"}],"replies":[{"embeddable":true,"href":"https:\/\/szentistvan.dnyem.hu\/index.php?rest_route=%2Fwp%2Fv2%2Fcomments&post=3153"}],"version-history":[{"count":1,"href":"https:\/\/szentistvan.dnyem.hu\/index.php?rest_route=\/wp\/v2\/posts\/3153\/revisions"}],"predecessor-version":[{"id":3154,"href":"https:\/\/szentistvan.dnyem.hu\/index.php?rest_route=\/wp\/v2\/posts\/3153\/revisions\/3154"}],"wp:attachment":[{"href":"https:\/\/szentistvan.dnyem.hu\/index.php?rest_route=%2Fwp%2Fv2%2Fmedia&parent=3153"}],"wp:term":[{"taxonomy":"category","embeddable":true,"href":"https:\/\/szentistvan.dnyem.hu\/index.php?rest_route=%2Fwp%2Fv2%2Fcategories&post=3153"},{"taxonomy":"post_tag","embeddable":true,"href":"https:\/\/szentistvan.dnyem.hu\/index.php?rest_route=%2Fwp%2Fv2%2Ftags&post=3153"}],"curies":[{"name":"wp","href":"https:\/\/api.w.org\/{rel}","templated":true}]}}