{"id":3143,"date":"2020-03-08T13:51:33","date_gmt":"2020-03-08T11:51:33","guid":{"rendered":"http:\/\/szentistvan.dnyem.hu\/?p=3143"},"modified":"2020-03-08T13:51:33","modified_gmt":"2020-03-08T11:51:33","slug":"evfordulo","status":"publish","type":"post","link":"https:\/\/szentistvan.dnyem.hu\/?p=3143","title":{"rendered":"\u00c9vfordul\u00f3"},"content":{"rendered":"\n<p>M\u00e1rcius 13-\u00e1n, p\u00e9nteken lesz a Szentatya, <a href=\"https:\/\/www.vaticannews.va\/hu\/vatikan\/news\/2019-03\/ferenc-papa-megvalasztasa-hatodik-evfordulo-tornielli-vezercikk.html\">Ferenc p\u00e1pa megv\u00e1laszt\u00e1s\u00e1nak 7. \u00e9vfordul\u00f3ja<\/a>. Im\u00e1dkozzunk \u00e9rte!<\/p>\n","protected":false},"excerpt":{"rendered":"<p>M\u00e1rcius 13-\u00e1n, p\u00e9nteken lesz a Szentatya, Ferenc p\u00e1pa megv\u00e1laszt\u00e1s\u00e1nak 7. \u00e9vfordul\u00f3ja. Im\u00e1dkozzunk \u00e9rte!<\/p>\n","protected":false},"author":2,"featured_media":0,"comment_status":"closed","ping_status":"open","sticky":false,"template":"","format":"standard","meta":[],"categories":[1,4,9],"tags":[],"_links":{"self":[{"href":"https:\/\/szentistvan.dnyem.hu\/index.php?rest_route=\/wp\/v2\/posts\/3143"}],"collection":[{"href":"https:\/\/szentistvan.dnyem.hu\/index.php?rest_route=\/wp\/v2\/posts"}],"about":[{"href":"https:\/\/szentistvan.dnyem.hu\/index.php?rest_route=\/wp\/v2\/types\/post"}],"author":[{"embeddable":true,"href":"https:\/\/szentistvan.dnyem.hu\/index.php?rest_route=\/wp\/v2\/users\/2"}],"replies":[{"embeddable":true,"href":"https:\/\/szentistvan.dnyem.hu\/index.php?rest_route=%2Fwp%2Fv2%2Fcomments&post=3143"}],"version-history":[{"count":1,"href":"https:\/\/szentistvan.dnyem.hu\/index.php?rest_route=\/wp\/v2\/posts\/3143\/revisions"}],"predecessor-version":[{"id":3144,"href":"https:\/\/szentistvan.dnyem.hu\/index.php?rest_route=\/wp\/v2\/posts\/3143\/revisions\/3144"}],"wp:attachment":[{"href":"https:\/\/szentistvan.dnyem.hu\/index.php?rest_route=%2Fwp%2Fv2%2Fmedia&parent=3143"}],"wp:term":[{"taxonomy":"category","embeddable":true,"href":"https:\/\/szentistvan.dnyem.hu\/index.php?rest_route=%2Fwp%2Fv2%2Fcategories&post=3143"},{"taxonomy":"post_tag","embeddable":true,"href":"https:\/\/szentistvan.dnyem.hu\/index.php?rest_route=%2Fwp%2Fv2%2Ftags&post=3143"}],"curies":[{"name":"wp","href":"https:\/\/api.w.org\/{rel}","templated":true}]}}