{"id":3081,"date":"2020-02-05T00:40:47","date_gmt":"2020-02-04T22:40:47","guid":{"rendered":"http:\/\/szentistvan.dnyem.hu\/?p=3081"},"modified":"2020-02-05T00:40:47","modified_gmt":"2020-02-04T22:40:47","slug":"konyorgo-nap","status":"publish","type":"post","link":"https:\/\/szentistvan.dnyem.hu\/?p=3081","title":{"rendered":"K\u00f6ny\u00f6rg\u0151 nap"},"content":{"rendered":"\n<p>Febru\u00e1r 2., Gyertyaszentel\u0151 Boldogasszony \u00fcnnepe egyben k\u00f6ny\u00f6rg\u0151 nap a szerzetesi hivat\u00e1sok\u00e9rt.<\/p>\n\n\n\n<p>Im\u00e1ds\u00e1gainkban k\u00e9rj\u00fck \u00e9let\u00fckre a Gondvisel\u0151 Isten \u00e1ld\u00e1s\u00e1t.<\/p>\n","protected":false},"excerpt":{"rendered":"<p>Febru\u00e1r 2., Gyertyaszentel\u0151 Boldogasszony \u00fcnnepe egyben k\u00f6ny\u00f6rg\u0151 nap a szerzetesi hivat\u00e1sok\u00e9rt. Im\u00e1ds\u00e1gainkban k\u00e9rj\u00fck \u00e9let\u00fckre a Gondvisel\u0151 Isten \u00e1ld\u00e1s\u00e1t.<\/p>\n","protected":false},"author":2,"featured_media":0,"comment_status":"closed","ping_status":"open","sticky":false,"template":"","format":"standard","meta":[],"categories":[1,9,2],"tags":[],"_links":{"self":[{"href":"https:\/\/szentistvan.dnyem.hu\/index.php?rest_route=\/wp\/v2\/posts\/3081"}],"collection":[{"href":"https:\/\/szentistvan.dnyem.hu\/index.php?rest_route=\/wp\/v2\/posts"}],"about":[{"href":"https:\/\/szentistvan.dnyem.hu\/index.php?rest_route=\/wp\/v2\/types\/post"}],"author":[{"embeddable":true,"href":"https:\/\/szentistvan.dnyem.hu\/index.php?rest_route=\/wp\/v2\/users\/2"}],"replies":[{"embeddable":true,"href":"https:\/\/szentistvan.dnyem.hu\/index.php?rest_route=%2Fwp%2Fv2%2Fcomments&post=3081"}],"version-history":[{"count":1,"href":"https:\/\/szentistvan.dnyem.hu\/index.php?rest_route=\/wp\/v2\/posts\/3081\/revisions"}],"predecessor-version":[{"id":3082,"href":"https:\/\/szentistvan.dnyem.hu\/index.php?rest_route=\/wp\/v2\/posts\/3081\/revisions\/3082"}],"wp:attachment":[{"href":"https:\/\/szentistvan.dnyem.hu\/index.php?rest_route=%2Fwp%2Fv2%2Fmedia&parent=3081"}],"wp:term":[{"taxonomy":"category","embeddable":true,"href":"https:\/\/szentistvan.dnyem.hu\/index.php?rest_route=%2Fwp%2Fv2%2Fcategories&post=3081"},{"taxonomy":"post_tag","embeddable":true,"href":"https:\/\/szentistvan.dnyem.hu\/index.php?rest_route=%2Fwp%2Fv2%2Ftags&post=3081"}],"curies":[{"name":"wp","href":"https:\/\/api.w.org\/{rel}","templated":true}]}}