{"id":3066,"date":"2020-01-26T21:29:00","date_gmt":"2020-01-26T19:29:00","guid":{"rendered":"http:\/\/szentistvan.dnyem.hu\/?p=3066"},"modified":"2020-01-26T21:29:00","modified_gmt":"2020-01-26T19:29:00","slug":"zenes-elmelkedes","status":"publish","type":"post","link":"https:\/\/szentistvan.dnyem.hu\/?p=3066","title":{"rendered":"Zen\u00e9s elm\u00e9lked\u00e9s"},"content":{"rendered":"\n<p>Febru\u00e1r 2-\u00e1n, vas\u00e1rnap a szentmise el\u0151tt nem a r\u00f3zsaf\u00fcz\u00e9r im\u00e1ds\u00e1got fogjuk v\u00e9gezni, hanem zen\u00e9s elm\u00e9lked\u00e9s\u00fcnk keret\u00e9ben <a href=\"https:\/\/www.facebook.com\/Jezusamuveszetekben\/videos\/vivaldi-gloria-in-excelsis-deo\/2222511988015771\/\">a Dics\u0151s\u00e9g \u00e9neket fogjuk meghallgatni Vivaldi tolm\u00e1csol\u00e1s\u00e1ban<\/a>.<\/p>\n\n\n\n<p>Szeretettel h\u00edvom \u00e9s v\u00e1rom a kedves testv\u00e9reket, hogy \u00edgy k\u00e9sz\u00fclj\u00fcnk a k\u00f6z\u00f6s szentmis\u00e9re!<\/p>\n","protected":false},"excerpt":{"rendered":"<p>Febru\u00e1r 2-\u00e1n, vas\u00e1rnap a szentmise el\u0151tt nem a r\u00f3zsaf\u00fcz\u00e9r im\u00e1ds\u00e1got fogjuk v\u00e9gezni, hanem zen\u00e9s elm\u00e9lked\u00e9s\u00fcnk keret\u00e9ben a Dics\u0151s\u00e9g \u00e9neket fogjuk meghallgatni Vivaldi tolm\u00e1csol\u00e1s\u00e1ban. Szeretettel h\u00edvom&#8230;<\/p>\n","protected":false},"author":2,"featured_media":0,"comment_status":"closed","ping_status":"open","sticky":false,"template":"","format":"standard","meta":[],"categories":[1,9,2],"tags":[],"_links":{"self":[{"href":"https:\/\/szentistvan.dnyem.hu\/index.php?rest_route=\/wp\/v2\/posts\/3066"}],"collection":[{"href":"https:\/\/szentistvan.dnyem.hu\/index.php?rest_route=\/wp\/v2\/posts"}],"about":[{"href":"https:\/\/szentistvan.dnyem.hu\/index.php?rest_route=\/wp\/v2\/types\/post"}],"author":[{"embeddable":true,"href":"https:\/\/szentistvan.dnyem.hu\/index.php?rest_route=\/wp\/v2\/users\/2"}],"replies":[{"embeddable":true,"href":"https:\/\/szentistvan.dnyem.hu\/index.php?rest_route=%2Fwp%2Fv2%2Fcomments&post=3066"}],"version-history":[{"count":1,"href":"https:\/\/szentistvan.dnyem.hu\/index.php?rest_route=\/wp\/v2\/posts\/3066\/revisions"}],"predecessor-version":[{"id":3067,"href":"https:\/\/szentistvan.dnyem.hu\/index.php?rest_route=\/wp\/v2\/posts\/3066\/revisions\/3067"}],"wp:attachment":[{"href":"https:\/\/szentistvan.dnyem.hu\/index.php?rest_route=%2Fwp%2Fv2%2Fmedia&parent=3066"}],"wp:term":[{"taxonomy":"category","embeddable":true,"href":"https:\/\/szentistvan.dnyem.hu\/index.php?rest_route=%2Fwp%2Fv2%2Fcategories&post=3066"},{"taxonomy":"post_tag","embeddable":true,"href":"https:\/\/szentistvan.dnyem.hu\/index.php?rest_route=%2Fwp%2Fv2%2Ftags&post=3066"}],"curies":[{"name":"wp","href":"https:\/\/api.w.org\/{rel}","templated":true}]}}