{"id":3062,"date":"2020-01-26T20:56:48","date_gmt":"2020-01-26T18:56:48","guid":{"rendered":"http:\/\/szentistvan.dnyem.hu\/?p=3062"},"modified":"2020-01-26T20:56:48","modified_gmt":"2020-01-26T18:56:48","slug":"okumenikus-imaalkalom-2","status":"publish","type":"post","link":"https:\/\/szentistvan.dnyem.hu\/?p=3062","title":{"rendered":"\u00d6kumenikus imaalkalom"},"content":{"rendered":"\n<p><strong>Janu\u00e1r 29-\u00e9n, szerd\u00e1n este 18:00 \u00f6kumenikus imaalkalom lesz a reform\u00e1tus templomban.<\/strong> Azt k\u00f6vet\u0151en pedig agap\u00e9. Nagy szeretettel h\u00edvnak \u00e9s v\u00e1rnak benn\u00fcnket! Aki teheti, k\u00e9rem, egy-egy kis apr\u00f3s\u00e1ggal, s\u00fctem\u00e9nnyel j\u00e1ruljon hozz\u00e1 a szeretet-lakom\u00e1hoz.<\/p>\n","protected":false},"excerpt":{"rendered":"<p>Janu\u00e1r 29-\u00e9n, szerd\u00e1n este 18:00 \u00f6kumenikus imaalkalom lesz a reform\u00e1tus templomban. Azt k\u00f6vet\u0151en pedig agap\u00e9. Nagy szeretettel h\u00edvnak \u00e9s v\u00e1rnak benn\u00fcnket! Aki teheti, k\u00e9rem, egy-egy&#8230;<\/p>\n","protected":false},"author":2,"featured_media":0,"comment_status":"closed","ping_status":"open","sticky":false,"template":"","format":"standard","meta":[],"categories":[9,2],"tags":[],"_links":{"self":[{"href":"https:\/\/szentistvan.dnyem.hu\/index.php?rest_route=\/wp\/v2\/posts\/3062"}],"collection":[{"href":"https:\/\/szentistvan.dnyem.hu\/index.php?rest_route=\/wp\/v2\/posts"}],"about":[{"href":"https:\/\/szentistvan.dnyem.hu\/index.php?rest_route=\/wp\/v2\/types\/post"}],"author":[{"embeddable":true,"href":"https:\/\/szentistvan.dnyem.hu\/index.php?rest_route=\/wp\/v2\/users\/2"}],"replies":[{"embeddable":true,"href":"https:\/\/szentistvan.dnyem.hu\/index.php?rest_route=%2Fwp%2Fv2%2Fcomments&post=3062"}],"version-history":[{"count":1,"href":"https:\/\/szentistvan.dnyem.hu\/index.php?rest_route=\/wp\/v2\/posts\/3062\/revisions"}],"predecessor-version":[{"id":3063,"href":"https:\/\/szentistvan.dnyem.hu\/index.php?rest_route=\/wp\/v2\/posts\/3062\/revisions\/3063"}],"wp:attachment":[{"href":"https:\/\/szentistvan.dnyem.hu\/index.php?rest_route=%2Fwp%2Fv2%2Fmedia&parent=3062"}],"wp:term":[{"taxonomy":"category","embeddable":true,"href":"https:\/\/szentistvan.dnyem.hu\/index.php?rest_route=%2Fwp%2Fv2%2Fcategories&post=3062"},{"taxonomy":"post_tag","embeddable":true,"href":"https:\/\/szentistvan.dnyem.hu\/index.php?rest_route=%2Fwp%2Fv2%2Ftags&post=3062"}],"curies":[{"name":"wp","href":"https:\/\/api.w.org\/{rel}","templated":true}]}}