{"id":3057,"date":"2020-01-20T11:23:06","date_gmt":"2020-01-20T09:23:06","guid":{"rendered":"http:\/\/szentistvan.dnyem.hu\/?p=3057"},"modified":"2020-01-26T21:20:52","modified_gmt":"2020-01-26T19:20:52","slug":"debreceni-katolikus-bal-2","status":"publish","type":"post","link":"https:\/\/szentistvan.dnyem.hu\/?p=3057","title":{"rendered":"Debreceni Katolikus B\u00e1l"},"content":{"rendered":"\n<p>A Debrecen-Ny\u00edregyh\u00e1zi Egyh\u00e1zmegye ebben az esztend\u0151ben is megrendezi a <a href=\"http:\/\/www.dnyem.hu\/index.php\/elerhetoseg\/item\/2722-debreceni-katolikus-bal\">Debreceni Katolikus B\u00e1lt<\/a>. <\/p>\n\n\n\n<p><strong>Az id\u0151pont: 2020. febru\u00e1r 7.<br>A helysz\u00edn: a K\u00f6lcsey K\u00f6zpont.<\/strong><\/p>\n\n\n\n<p>Jegyek kaphat\u00f3k a pl\u00e9b\u00e1ni\u00e1n, illetve az Egyh\u00e1zmegyei Hivatalban.<\/p>\n\n\n\n<p><strong>Kapunyit\u00e1s: 18:00<\/strong><\/p>\n\n\n\n<p><strong>A b\u00e1l r\u00e9sztvev\u0151it 19 \u00f3rakor Pal\u00e1nki Ferenc Debrecen-Ny\u00edregyh\u00e1zi megy\u00e9sp\u00fcsp\u00f6k fogja k\u00f6sz\u00f6nteni,<\/strong> amelyet r\u00f6vid m\u0171sor, majd vacsora k\u00f6vet<\/p>\n\n\n\n<p>A bel\u00e9p\u0151jegyet &#8211; 5000 Ft\/f\u0151 &#8211; a debreceni pl\u00e9b\u00e1ni\u00e1kon \u00e9s a p\u00fcsp\u00f6ki hivatalban lehet megv\u00e1s\u00e1rolni, a 3 \u00e9v alatti gyermekek r\u00e9szv\u00e9tele ingyenes.<\/p>\n\n\n\n<p>A b\u00e1ltermet 10 szem\u00e9lyes k\u00f6rasztalokkal rendezik be. A bel\u00e9p\u0151jegy \u00e1ra tartalmazza a sv\u00e9dasztalos, t\u00f6bb fog\u00e1sos g\u00e1la vacsor\u00e1t \u00e9s az ital egy r\u00e9sz\u00e9t.<\/p>\n\n\n\n<p>B\u0151vebb inform\u00e1ci\u00f3 a hirdet\u0151t\u00e1bl\u00e1n tal\u00e1lhat\u00f3 <a href=\"http:\/\/www.dnyem.hu\/index.php\/elerhetoseg\/item\/2722-debreceni-katolikus-bal\">plak\u00e1ton<\/a> olvashat\u00f3.<\/p>\n\n\n\n<p>Szeretettel h\u00edvnak \u00e9s v\u00e1rnak benn\u00fcnket!<\/p>\n","protected":false},"excerpt":{"rendered":"<p>A Debrecen-Ny\u00edregyh\u00e1zi Egyh\u00e1zmegye ebben az esztend\u0151ben is megrendezi a Debreceni Katolikus B\u00e1lt. Az id\u0151pont: 2020. febru\u00e1r 7.A helysz\u00edn: a K\u00f6lcsey K\u00f6zpont. Jegyek kaphat\u00f3k a pl\u00e9b\u00e1ni\u00e1n,&#8230;<\/p>\n","protected":false},"author":2,"featured_media":0,"comment_status":"closed","ping_status":"open","sticky":false,"template":"","format":"standard","meta":[],"categories":[1,2],"tags":[],"_links":{"self":[{"href":"https:\/\/szentistvan.dnyem.hu\/index.php?rest_route=\/wp\/v2\/posts\/3057"}],"collection":[{"href":"https:\/\/szentistvan.dnyem.hu\/index.php?rest_route=\/wp\/v2\/posts"}],"about":[{"href":"https:\/\/szentistvan.dnyem.hu\/index.php?rest_route=\/wp\/v2\/types\/post"}],"author":[{"embeddable":true,"href":"https:\/\/szentistvan.dnyem.hu\/index.php?rest_route=\/wp\/v2\/users\/2"}],"replies":[{"embeddable":true,"href":"https:\/\/szentistvan.dnyem.hu\/index.php?rest_route=%2Fwp%2Fv2%2Fcomments&post=3057"}],"version-history":[{"count":3,"href":"https:\/\/szentistvan.dnyem.hu\/index.php?rest_route=\/wp\/v2\/posts\/3057\/revisions"}],"predecessor-version":[{"id":3065,"href":"https:\/\/szentistvan.dnyem.hu\/index.php?rest_route=\/wp\/v2\/posts\/3057\/revisions\/3065"}],"wp:attachment":[{"href":"https:\/\/szentistvan.dnyem.hu\/index.php?rest_route=%2Fwp%2Fv2%2Fmedia&parent=3057"}],"wp:term":[{"taxonomy":"category","embeddable":true,"href":"https:\/\/szentistvan.dnyem.hu\/index.php?rest_route=%2Fwp%2Fv2%2Fcategories&post=3057"},{"taxonomy":"post_tag","embeddable":true,"href":"https:\/\/szentistvan.dnyem.hu\/index.php?rest_route=%2Fwp%2Fv2%2Ftags&post=3057"}],"curies":[{"name":"wp","href":"https:\/\/api.w.org\/{rel}","templated":true}]}}