{"id":3053,"date":"2020-01-20T11:12:05","date_gmt":"2020-01-20T09:12:05","guid":{"rendered":"http:\/\/szentistvan.dnyem.hu\/?p=3053"},"modified":"2020-01-20T11:12:05","modified_gmt":"2020-01-20T09:12:05","slug":"isten-igeje-vasarnapja","status":"publish","type":"post","link":"https:\/\/szentistvan.dnyem.hu\/?p=3053","title":{"rendered":"Isten Ig\u00e9je Vas\u00e1rnapja"},"content":{"rendered":"\n<p>2020. janu\u00e1r 26-\u00e1n, vas\u00e1rnap lesz <a href=\"https:\/\/www.vaticannews.va\/hu\/papa\/news\/2019-09\/papa-motu-proprio-vasarnap-biblia-isten-szava-level.html\">Szentaty\u00e1nk 2019-ben kiadott rendelkez\u00e9se<\/a> \u00e9rtelm\u00e9ben az <a href=\"https:\/\/www.magyarkurir.hu\/hirek\/ferenc-papa-elrendelte-az-isten-igeje-vasarnapjat\">Isten Ig\u00e9je Vas\u00e1rnapja<\/a>.<\/p>\n","protected":false},"excerpt":{"rendered":"<p>2020. janu\u00e1r 26-\u00e1n, vas\u00e1rnap lesz Szentaty\u00e1nk 2019-ben kiadott rendelkez\u00e9se \u00e9rtelm\u00e9ben az Isten Ig\u00e9je Vas\u00e1rnapja.<\/p>\n","protected":false},"author":2,"featured_media":0,"comment_status":"closed","ping_status":"open","sticky":false,"template":"","format":"standard","meta":[],"categories":[1,9,2],"tags":[],"_links":{"self":[{"href":"https:\/\/szentistvan.dnyem.hu\/index.php?rest_route=\/wp\/v2\/posts\/3053"}],"collection":[{"href":"https:\/\/szentistvan.dnyem.hu\/index.php?rest_route=\/wp\/v2\/posts"}],"about":[{"href":"https:\/\/szentistvan.dnyem.hu\/index.php?rest_route=\/wp\/v2\/types\/post"}],"author":[{"embeddable":true,"href":"https:\/\/szentistvan.dnyem.hu\/index.php?rest_route=\/wp\/v2\/users\/2"}],"replies":[{"embeddable":true,"href":"https:\/\/szentistvan.dnyem.hu\/index.php?rest_route=%2Fwp%2Fv2%2Fcomments&post=3053"}],"version-history":[{"count":1,"href":"https:\/\/szentistvan.dnyem.hu\/index.php?rest_route=\/wp\/v2\/posts\/3053\/revisions"}],"predecessor-version":[{"id":3054,"href":"https:\/\/szentistvan.dnyem.hu\/index.php?rest_route=\/wp\/v2\/posts\/3053\/revisions\/3054"}],"wp:attachment":[{"href":"https:\/\/szentistvan.dnyem.hu\/index.php?rest_route=%2Fwp%2Fv2%2Fmedia&parent=3053"}],"wp:term":[{"taxonomy":"category","embeddable":true,"href":"https:\/\/szentistvan.dnyem.hu\/index.php?rest_route=%2Fwp%2Fv2%2Fcategories&post=3053"},{"taxonomy":"post_tag","embeddable":true,"href":"https:\/\/szentistvan.dnyem.hu\/index.php?rest_route=%2Fwp%2Fv2%2Ftags&post=3053"}],"curies":[{"name":"wp","href":"https:\/\/api.w.org\/{rel}","templated":true}]}}