{"id":3048,"date":"2020-01-20T08:56:40","date_gmt":"2020-01-20T06:56:40","guid":{"rendered":"http:\/\/szentistvan.dnyem.hu\/?p=3048"},"modified":"2020-01-20T08:56:40","modified_gmt":"2020-01-20T06:56:40","slug":"imahet-a-krisztus-hivok-egysegeert","status":"publish","type":"post","link":"https:\/\/szentistvan.dnyem.hu\/?p=3048","title":{"rendered":"Imah\u00e9t a Krisztus-h\u00edv\u0151k egys\u00e9g\u00e9\u00e9rt"},"content":{"rendered":"\n<p>2020. janu\u00e1r 19-\u00e9n v\u00e1rosunkban is elkezd\u0151dik az <a href=\"https:\/\/katolikus.hu\/media\/oku_imahet2020-6189.pdf\">imah\u00e9t a Krisztus-h\u00edv\u0151k egys\u00e9g\u00e9\u00e9rt<\/a>. <a href=\"http:\/\/www.dnyem.hu\/index.php\/item\/2724-igen-embersegesen-bantak-velunk-apcsel-28-2-okumenikus-imahet-a-krisztus-hivok-egysegeert-2020-januar-19-26\">Az imaalkalmak r\u00e9szletes menetrendje<\/a> a kij\u00e1ratn\u00e1l, a hirdet\u0151t\u00e1bl\u00e1n tal\u00e1lhat\u00f3.<\/p>\n","protected":false},"excerpt":{"rendered":"<p>2020. janu\u00e1r 19-\u00e9n v\u00e1rosunkban is elkezd\u0151dik az imah\u00e9t a Krisztus-h\u00edv\u0151k egys\u00e9g\u00e9\u00e9rt. Az imaalkalmak r\u00e9szletes menetrendje a kij\u00e1ratn\u00e1l, a hirdet\u0151t\u00e1bl\u00e1n tal\u00e1lhat\u00f3.<\/p>\n","protected":false},"author":2,"featured_media":0,"comment_status":"closed","ping_status":"open","sticky":false,"template":"","format":"standard","meta":[],"categories":[1,9,2],"tags":[],"_links":{"self":[{"href":"https:\/\/szentistvan.dnyem.hu\/index.php?rest_route=\/wp\/v2\/posts\/3048"}],"collection":[{"href":"https:\/\/szentistvan.dnyem.hu\/index.php?rest_route=\/wp\/v2\/posts"}],"about":[{"href":"https:\/\/szentistvan.dnyem.hu\/index.php?rest_route=\/wp\/v2\/types\/post"}],"author":[{"embeddable":true,"href":"https:\/\/szentistvan.dnyem.hu\/index.php?rest_route=\/wp\/v2\/users\/2"}],"replies":[{"embeddable":true,"href":"https:\/\/szentistvan.dnyem.hu\/index.php?rest_route=%2Fwp%2Fv2%2Fcomments&post=3048"}],"version-history":[{"count":1,"href":"https:\/\/szentistvan.dnyem.hu\/index.php?rest_route=\/wp\/v2\/posts\/3048\/revisions"}],"predecessor-version":[{"id":3049,"href":"https:\/\/szentistvan.dnyem.hu\/index.php?rest_route=\/wp\/v2\/posts\/3048\/revisions\/3049"}],"wp:attachment":[{"href":"https:\/\/szentistvan.dnyem.hu\/index.php?rest_route=%2Fwp%2Fv2%2Fmedia&parent=3048"}],"wp:term":[{"taxonomy":"category","embeddable":true,"href":"https:\/\/szentistvan.dnyem.hu\/index.php?rest_route=%2Fwp%2Fv2%2Fcategories&post=3048"},{"taxonomy":"post_tag","embeddable":true,"href":"https:\/\/szentistvan.dnyem.hu\/index.php?rest_route=%2Fwp%2Fv2%2Ftags&post=3048"}],"curies":[{"name":"wp","href":"https:\/\/api.w.org\/{rel}","templated":true}]}}