{"id":3040,"date":"2020-01-12T13:44:38","date_gmt":"2020-01-12T11:44:38","guid":{"rendered":"http:\/\/szentistvan.dnyem.hu\/?p=3040"},"modified":"2020-01-12T13:52:02","modified_gmt":"2020-01-12T11:52:02","slug":"imadsag-a-nemzetkozi-eucharisztikus-kongresszusert","status":"publish","type":"post","link":"https:\/\/szentistvan.dnyem.hu\/?p=3040","title":{"rendered":"Im\u00e1ds\u00e1g a Nemzetk\u00f6zi Eucharisztikus Kongresszus\u00e9rt"},"content":{"rendered":"\n<p> Minden vas\u00e1rnapi szentmise v\u00e9g\u00e9n elim\u00e1dkozzuk a <a href=\"https:\/\/www.iec2020.hu\/hu\">Nemzetk\u00f6zi Eucharisztikus Kongresszus\u00e9rt<\/a> v\u00e9gzett <a href=\"https:\/\/www.iec2020.hu\/hu\/imadkozz-velunk\">im\u00e1ds\u00e1got<\/a>:<\/p>\n\n\n\n<p> Mennyei Aty\u00e1nk,<br> minden \u00e9let forr\u00e1sa!<br> K\u00fcldd el Szentlelkedet,<br> hogy az \u00f6nmag\u00e1t \u00e9rt\u00fcnk fel\u00e1ldoz\u00f3<br> \u00e9s az Olt\u00e1riszents\u00e9gben<br> vel\u00fcnk lev\u0151 Krisztust felismerj\u00fck<br> \u00e9s egyre jobban szeress\u00fck!<br> \u0150 Urunk \u00e9s Mester\u00fcnk,<br> bar\u00e1tunk \u00e9s t\u00e1pl\u00e1l\u00e9kunk,<br> orvosunk \u00e9s b\u00e9kess\u00e9g\u00fcnk.<br> Adj b\u00e1tors\u00e1got, hogy az \u0150 erej\u00e9t \u00e9s \u00f6r\u00f6m\u00e9t<br> elvigy\u00fck minden emberhez!<br> Add, hogy a k\u00e9sz\u00fclet ideje<br> \u00e9s az Eucharisztikus Kongresszus \u00fcnnepl\u00e9se<br> eg\u00e9sz h\u00edv\u0151 k\u00f6z\u00f6ss\u00e9g\u00fcnk,<br> f\u0151v\u00e1rosunk, n\u00e9p\u00fcnk,<br> Eur\u00f3pa \u00e9s a vil\u00e1g<br> lelki meg\u00fajul\u00e1s\u00e1ra szolg\u00e1ljon!<br> \u00c1men.  <\/p>\n","protected":false},"excerpt":{"rendered":"<p>Minden vas\u00e1rnapi szentmise v\u00e9g\u00e9n elim\u00e1dkozzuk a Nemzetk\u00f6zi Eucharisztikus Kongresszus\u00e9rt v\u00e9gzett im\u00e1ds\u00e1got: Mennyei Aty\u00e1nk, minden \u00e9let forr\u00e1sa! K\u00fcldd el Szentlelkedet, hogy az \u00f6nmag\u00e1t \u00e9rt\u00fcnk fel\u00e1ldoz\u00f3 \u00e9s&#8230;<\/p>\n","protected":false},"author":2,"featured_media":0,"comment_status":"closed","ping_status":"open","sticky":false,"template":"","format":"standard","meta":[],"categories":[1,9],"tags":[],"_links":{"self":[{"href":"https:\/\/szentistvan.dnyem.hu\/index.php?rest_route=\/wp\/v2\/posts\/3040"}],"collection":[{"href":"https:\/\/szentistvan.dnyem.hu\/index.php?rest_route=\/wp\/v2\/posts"}],"about":[{"href":"https:\/\/szentistvan.dnyem.hu\/index.php?rest_route=\/wp\/v2\/types\/post"}],"author":[{"embeddable":true,"href":"https:\/\/szentistvan.dnyem.hu\/index.php?rest_route=\/wp\/v2\/users\/2"}],"replies":[{"embeddable":true,"href":"https:\/\/szentistvan.dnyem.hu\/index.php?rest_route=%2Fwp%2Fv2%2Fcomments&post=3040"}],"version-history":[{"count":2,"href":"https:\/\/szentistvan.dnyem.hu\/index.php?rest_route=\/wp\/v2\/posts\/3040\/revisions"}],"predecessor-version":[{"id":3042,"href":"https:\/\/szentistvan.dnyem.hu\/index.php?rest_route=\/wp\/v2\/posts\/3040\/revisions\/3042"}],"wp:attachment":[{"href":"https:\/\/szentistvan.dnyem.hu\/index.php?rest_route=%2Fwp%2Fv2%2Fmedia&parent=3040"}],"wp:term":[{"taxonomy":"category","embeddable":true,"href":"https:\/\/szentistvan.dnyem.hu\/index.php?rest_route=%2Fwp%2Fv2%2Fcategories&post=3040"},{"taxonomy":"post_tag","embeddable":true,"href":"https:\/\/szentistvan.dnyem.hu\/index.php?rest_route=%2Fwp%2Fv2%2Ftags&post=3040"}],"curies":[{"name":"wp","href":"https:\/\/api.w.org\/{rel}","templated":true}]}}