{"id":3038,"date":"2020-01-12T13:36:23","date_gmt":"2020-01-12T11:36:23","guid":{"rendered":"http:\/\/szentistvan.dnyem.hu\/?p=3038"},"modified":"2020-01-20T11:03:17","modified_gmt":"2020-01-20T09:03:17","slug":"szent-laszlo-imaszovetseg","status":"publish","type":"post","link":"https:\/\/szentistvan.dnyem.hu\/?p=3038","title":{"rendered":"Szent L\u00e1szl\u00f3 Imasz\u00f6vets\u00e9g"},"content":{"rendered":"\n<p> F\u0151tisztelend\u0151 Pal\u00e1nki Ferenc P\u00fcsp\u00f6k Atya, megalap\u00edtotta a <a href=\"http:\/\/www.dnyem.hu\/index.php\/item\/2614-szent-laszlo-imaszovetseg\">Szent L\u00e1szl\u00f3 Imasz\u00f6vets\u00e9get<\/a>, azzal a k\u00fcl\u00f6nleges c\u00e9llal, hogy tagjai, minden nap <a href=\"https:\/\/www.magyarkurir.hu\/hirek\/hogyan-imadkozzuk-rozsafuzert-tiz-tanacs-ii-janos-pal-papatol\">elim\u00e1dkoznak egy tized r\u00f3zsaf\u00fcz\u00e9rt<\/a>, valamint <a href=\"http:\/\/lexikon.katolikus.hu\/E\/els%C5%91cs%C3%BCt%C3%B6rt%C3%B6k.html\">els\u0151cs\u00fct\u00f6rt\u00f6k\u00f6nk\u00e9nt<\/a> <a href=\"http:\/\/lexikon.katolikus.hu\/S\/szents%C3%A9gim%C3%A1d%C3%A1s.html\">szents\u00e9gim\u00e1d\u00e1son<\/a> vesznek r\u00e9szt, melyet egyh\u00e1zmegy\u00e9nk <a href=\"http:\/\/lexikon.katolikus.hu\/P\/Pap.html\">papjai\u00e9rt<\/a>, \u00e9s a leend\u0151 <a href=\"http:\/\/esztergomiszeminarium.eu\/hivatas\/hiv-az-ur\/belepo\/papi-hivatas\/\">papi hivat\u00e1sok\u00e9rt<\/a> aj\u00e1nlanak fel. <\/p>\n\n\n\n<p>Az Imasz\u00f6vets\u00e9ghez csatlakozni a kij\u00e1ratn\u00e1l tal\u00e1lhat\u00f3 jelentkez\u00e9si lap kit\u00f6lt\u00e9s\u00e9vel, \u00e9s a pl\u00e9b\u00e1ni\u00e1ra val\u00f3 visszajuttat\u00e1ssal lehet. Mindazok, akik jelzik csatlakoz\u00e1si sz\u00e1nd\u00e9kukat, azok tags\u00e1guk szimb\u00f3lumak\u00e9nt egy <a href=\"http:\/\/lexikon.katolikus.hu\/R\/r%C3%B3zsaf%C3%BCz%C3%A9r.html\">r\u00f3zsaf\u00fcz\u00e9rt<\/a> kapnak majd aj\u00e1nd\u00e9kba az Egyh\u00e1zmegy\u00e9t\u0151l. K\u00e9rem, mindazokat, akik szeretn\u00e9nek csatlakozni, hogy hozz\u00e1k vissza a jelentkez\u00e9si lapot, hogy tov\u00e1bb\u00edthassam a P\u00fcsp\u00f6ki Hivatal fel\u00e9! <\/p>\n","protected":false},"excerpt":{"rendered":"<p>F\u0151tisztelend\u0151 Pal\u00e1nki Ferenc P\u00fcsp\u00f6k Atya, megalap\u00edtotta a Szent L\u00e1szl\u00f3 Imasz\u00f6vets\u00e9get, azzal a k\u00fcl\u00f6nleges c\u00e9llal, hogy tagjai, minden nap elim\u00e1dkoznak egy tized r\u00f3zsaf\u00fcz\u00e9rt, valamint els\u0151cs\u00fct\u00f6rt\u00f6k\u00f6nk\u00e9nt szents\u00e9gim\u00e1d\u00e1son&#8230;<\/p>\n","protected":false},"author":2,"featured_media":0,"comment_status":"closed","ping_status":"open","sticky":false,"template":"","format":"standard","meta":[],"categories":[1,9],"tags":[],"_links":{"self":[{"href":"https:\/\/szentistvan.dnyem.hu\/index.php?rest_route=\/wp\/v2\/posts\/3038"}],"collection":[{"href":"https:\/\/szentistvan.dnyem.hu\/index.php?rest_route=\/wp\/v2\/posts"}],"about":[{"href":"https:\/\/szentistvan.dnyem.hu\/index.php?rest_route=\/wp\/v2\/types\/post"}],"author":[{"embeddable":true,"href":"https:\/\/szentistvan.dnyem.hu\/index.php?rest_route=\/wp\/v2\/users\/2"}],"replies":[{"embeddable":true,"href":"https:\/\/szentistvan.dnyem.hu\/index.php?rest_route=%2Fwp%2Fv2%2Fcomments&post=3038"}],"version-history":[{"count":3,"href":"https:\/\/szentistvan.dnyem.hu\/index.php?rest_route=\/wp\/v2\/posts\/3038\/revisions"}],"predecessor-version":[{"id":3051,"href":"https:\/\/szentistvan.dnyem.hu\/index.php?rest_route=\/wp\/v2\/posts\/3038\/revisions\/3051"}],"wp:attachment":[{"href":"https:\/\/szentistvan.dnyem.hu\/index.php?rest_route=%2Fwp%2Fv2%2Fmedia&parent=3038"}],"wp:term":[{"taxonomy":"category","embeddable":true,"href":"https:\/\/szentistvan.dnyem.hu\/index.php?rest_route=%2Fwp%2Fv2%2Fcategories&post=3038"},{"taxonomy":"post_tag","embeddable":true,"href":"https:\/\/szentistvan.dnyem.hu\/index.php?rest_route=%2Fwp%2Fv2%2Ftags&post=3038"}],"curies":[{"name":"wp","href":"https:\/\/api.w.org\/{rel}","templated":true}]}}