{"id":3033,"date":"2020-01-06T00:14:47","date_gmt":"2020-01-05T22:14:47","guid":{"rendered":"http:\/\/szentistvan.dnyem.hu\/?p=3033"},"modified":"2020-01-06T00:14:47","modified_gmt":"2020-01-05T22:14:47","slug":"vizkereszt-2","status":"publish","type":"post","link":"https:\/\/szentistvan.dnyem.hu\/?p=3033","title":{"rendered":"V\u00edzkereszt"},"content":{"rendered":"\n<p>Janu\u00e1r 6-\u00e1n, h\u00e9tf\u0151n van <a href=\"http:\/\/lexikon.katolikus.hu\/V\/v%C3%ADzkereszt.html\">Urunk megjelen\u00e9s\u00e9nek f\u0151\u00fcnnepe<\/a>. Az esti szentmis\u00e9ben t\u00f6rt\u00e9nik a hagyom\u00e1nyos <a href=\"http:\/\/lexikon.katolikus.hu\/V\/v%C3%ADzszentel%C3%A9s.html\">v\u00edzszentel\u00e9s<\/a>.<\/p>\n\n\n\n<p>V\u00edzkereszt \u00fcnnepe arra h\u00edv benn\u00fcnket, hogy a <a href=\"http:\/\/lexikon.katolikus.hu\/N\/napkeleti%20b%C3%B6lcsek.html\">napkeleti b\u00f6lcsekkel <\/a>egy\u00fctt mi is induljunk el az \u00dar J\u00e9zus keres\u00e9s\u00e9re, \u00e9s ha r\u00e1tal\u00e1lunk, adjunk neki aj\u00e1nd\u00e9kot, \u00e9s meg fogjuk tapasztalni, hogy legink\u00e1bb mi lesz\u00fcnk azok, akik aj\u00e1nd\u00e9kot kapunk. Amen.<\/p>\n\n\n\n<p> Szeretettel h\u00edvom \u00e9s v\u00e1rom a kedves testv\u00e9reket. <\/p>\n","protected":false},"excerpt":{"rendered":"<p>Janu\u00e1r 6-\u00e1n, h\u00e9tf\u0151n van Urunk megjelen\u00e9s\u00e9nek f\u0151\u00fcnnepe. Az esti szentmis\u00e9ben t\u00f6rt\u00e9nik a hagyom\u00e1nyos v\u00edzszentel\u00e9s. V\u00edzkereszt \u00fcnnepe arra h\u00edv benn\u00fcnket, hogy a napkeleti b\u00f6lcsekkel egy\u00fctt mi&#8230;<\/p>\n","protected":false},"author":2,"featured_media":0,"comment_status":"closed","ping_status":"open","sticky":false,"template":"","format":"standard","meta":[],"categories":[1,9,2],"tags":[],"_links":{"self":[{"href":"https:\/\/szentistvan.dnyem.hu\/index.php?rest_route=\/wp\/v2\/posts\/3033"}],"collection":[{"href":"https:\/\/szentistvan.dnyem.hu\/index.php?rest_route=\/wp\/v2\/posts"}],"about":[{"href":"https:\/\/szentistvan.dnyem.hu\/index.php?rest_route=\/wp\/v2\/types\/post"}],"author":[{"embeddable":true,"href":"https:\/\/szentistvan.dnyem.hu\/index.php?rest_route=\/wp\/v2\/users\/2"}],"replies":[{"embeddable":true,"href":"https:\/\/szentistvan.dnyem.hu\/index.php?rest_route=%2Fwp%2Fv2%2Fcomments&post=3033"}],"version-history":[{"count":1,"href":"https:\/\/szentistvan.dnyem.hu\/index.php?rest_route=\/wp\/v2\/posts\/3033\/revisions"}],"predecessor-version":[{"id":3034,"href":"https:\/\/szentistvan.dnyem.hu\/index.php?rest_route=\/wp\/v2\/posts\/3033\/revisions\/3034"}],"wp:attachment":[{"href":"https:\/\/szentistvan.dnyem.hu\/index.php?rest_route=%2Fwp%2Fv2%2Fmedia&parent=3033"}],"wp:term":[{"taxonomy":"category","embeddable":true,"href":"https:\/\/szentistvan.dnyem.hu\/index.php?rest_route=%2Fwp%2Fv2%2Fcategories&post=3033"},{"taxonomy":"post_tag","embeddable":true,"href":"https:\/\/szentistvan.dnyem.hu\/index.php?rest_route=%2Fwp%2Fv2%2Ftags&post=3033"}],"curies":[{"name":"wp","href":"https:\/\/api.w.org\/{rel}","templated":true}]}}