{"id":3031,"date":"2020-01-06T00:07:21","date_gmt":"2020-01-05T22:07:21","guid":{"rendered":"http:\/\/szentistvan.dnyem.hu\/?p=3031"},"modified":"2020-01-06T00:07:21","modified_gmt":"2020-01-05T22:07:21","slug":"hazszenteles-5","status":"publish","type":"post","link":"https:\/\/szentistvan.dnyem.hu\/?p=3031","title":{"rendered":"H\u00e1zszentel\u00e9s"},"content":{"rendered":"\n<p><strong>Mindazok, akik szeretn\u00e9k a <a href=\"http:\/\/lexikon.katolikus.hu\/H\/h%C3%A1zszentel%C3%A9s.html\">hajl\u00e9kaikat megszenteltetni, meg\u00e1ldani<\/a>, k\u00e9rem, a szentmis\u00e9ket k\u00f6vet\u0151en jelezz\u00e9k sz\u00e1momra a sekresty\u00e9ben.<\/strong><\/p>\n","protected":false},"excerpt":{"rendered":"<p>Mindazok, akik szeretn\u00e9k a hajl\u00e9kaikat megszenteltetni, meg\u00e1ldani, k\u00e9rem, a szentmis\u00e9ket k\u00f6vet\u0151en jelezz\u00e9k sz\u00e1momra a sekresty\u00e9ben.<\/p>\n","protected":false},"author":2,"featured_media":0,"comment_status":"closed","ping_status":"open","sticky":false,"template":"","format":"standard","meta":[],"categories":[1,9,2],"tags":[],"_links":{"self":[{"href":"https:\/\/szentistvan.dnyem.hu\/index.php?rest_route=\/wp\/v2\/posts\/3031"}],"collection":[{"href":"https:\/\/szentistvan.dnyem.hu\/index.php?rest_route=\/wp\/v2\/posts"}],"about":[{"href":"https:\/\/szentistvan.dnyem.hu\/index.php?rest_route=\/wp\/v2\/types\/post"}],"author":[{"embeddable":true,"href":"https:\/\/szentistvan.dnyem.hu\/index.php?rest_route=\/wp\/v2\/users\/2"}],"replies":[{"embeddable":true,"href":"https:\/\/szentistvan.dnyem.hu\/index.php?rest_route=%2Fwp%2Fv2%2Fcomments&post=3031"}],"version-history":[{"count":1,"href":"https:\/\/szentistvan.dnyem.hu\/index.php?rest_route=\/wp\/v2\/posts\/3031\/revisions"}],"predecessor-version":[{"id":3032,"href":"https:\/\/szentistvan.dnyem.hu\/index.php?rest_route=\/wp\/v2\/posts\/3031\/revisions\/3032"}],"wp:attachment":[{"href":"https:\/\/szentistvan.dnyem.hu\/index.php?rest_route=%2Fwp%2Fv2%2Fmedia&parent=3031"}],"wp:term":[{"taxonomy":"category","embeddable":true,"href":"https:\/\/szentistvan.dnyem.hu\/index.php?rest_route=%2Fwp%2Fv2%2Fcategories&post=3031"},{"taxonomy":"post_tag","embeddable":true,"href":"https:\/\/szentistvan.dnyem.hu\/index.php?rest_route=%2Fwp%2Fv2%2Ftags&post=3031"}],"curies":[{"name":"wp","href":"https:\/\/api.w.org\/{rel}","templated":true}]}}