{"id":2989,"date":"2019-12-22T19:01:29","date_gmt":"2019-12-22T17:01:29","guid":{"rendered":"http:\/\/szentistvan.dnyem.hu\/?p=2989"},"modified":"2019-12-22T19:01:29","modified_gmt":"2019-12-22T17:01:29","slug":"december-25-26-i-program","status":"publish","type":"post","link":"https:\/\/szentistvan.dnyem.hu\/?p=2989","title":{"rendered":"December 25-26-i program"},"content":{"rendered":"\n<p>Kar\u00e1csony els\u0151 \u00e9s m\u00e1sodik napj\u00e1n a megszokott id\u0151ben, <strong>09:30-kor kezd\u0151dik az \u00fcnnepi szentmise.<\/strong><\/p>\n\n\n\n<p>Kar\u00e1csony m\u00e1snapj\u00e1n, 2<strong>6-\u00e1n, a szentmis\u00e9t k\u00f6vet\u0151en betlehemes lesz <\/strong>a templomunkban.<\/p>\n","protected":false},"excerpt":{"rendered":"<p>Kar\u00e1csony els\u0151 \u00e9s m\u00e1sodik napj\u00e1n a megszokott id\u0151ben, 09:30-kor kezd\u0151dik az \u00fcnnepi szentmise. Kar\u00e1csony m\u00e1snapj\u00e1n, 26-\u00e1n, a szentmis\u00e9t k\u00f6vet\u0151en betlehemes lesz a templomunkban.<\/p>\n","protected":false},"author":2,"featured_media":0,"comment_status":"closed","ping_status":"open","sticky":false,"template":"","format":"standard","meta":[],"categories":[1,9,2],"tags":[],"_links":{"self":[{"href":"https:\/\/szentistvan.dnyem.hu\/index.php?rest_route=\/wp\/v2\/posts\/2989"}],"collection":[{"href":"https:\/\/szentistvan.dnyem.hu\/index.php?rest_route=\/wp\/v2\/posts"}],"about":[{"href":"https:\/\/szentistvan.dnyem.hu\/index.php?rest_route=\/wp\/v2\/types\/post"}],"author":[{"embeddable":true,"href":"https:\/\/szentistvan.dnyem.hu\/index.php?rest_route=\/wp\/v2\/users\/2"}],"replies":[{"embeddable":true,"href":"https:\/\/szentistvan.dnyem.hu\/index.php?rest_route=%2Fwp%2Fv2%2Fcomments&post=2989"}],"version-history":[{"count":1,"href":"https:\/\/szentistvan.dnyem.hu\/index.php?rest_route=\/wp\/v2\/posts\/2989\/revisions"}],"predecessor-version":[{"id":2990,"href":"https:\/\/szentistvan.dnyem.hu\/index.php?rest_route=\/wp\/v2\/posts\/2989\/revisions\/2990"}],"wp:attachment":[{"href":"https:\/\/szentistvan.dnyem.hu\/index.php?rest_route=%2Fwp%2Fv2%2Fmedia&parent=2989"}],"wp:term":[{"taxonomy":"category","embeddable":true,"href":"https:\/\/szentistvan.dnyem.hu\/index.php?rest_route=%2Fwp%2Fv2%2Fcategories&post=2989"},{"taxonomy":"post_tag","embeddable":true,"href":"https:\/\/szentistvan.dnyem.hu\/index.php?rest_route=%2Fwp%2Fv2%2Ftags&post=2989"}],"curies":[{"name":"wp","href":"https:\/\/api.w.org\/{rel}","templated":true}]}}