{"id":2987,"date":"2019-12-22T18:58:27","date_gmt":"2019-12-22T16:58:27","guid":{"rendered":"http:\/\/szentistvan.dnyem.hu\/?p=2987"},"modified":"2019-12-22T19:14:36","modified_gmt":"2019-12-22T17:14:36","slug":"december-24-i-program","status":"publish","type":"post","link":"https:\/\/szentistvan.dnyem.hu\/?p=2987","title":{"rendered":"December 24-i program"},"content":{"rendered":"\n<p>December 24-\u00e9n m\u00e1r <strong>nem lesz rorate szentmise<\/strong>.<\/p>\n\n\n\n<p><strong>A templomot \u00e9jszaka 23:00-kor nyitjuk ki. <\/strong><\/p>\n\n\n\n<p><strong>23:30-t\u00f3l zen\u00e9s \u00e1h\u00edtat lesz<\/strong>, melynek seg\u00edts\u00e9g\u00e9vel m\u00e9g ink\u00e1bb r\u00e1hangol\u00f3dhatunk a<strong> 00:00-kor kezd\u0151d\u0151 \u00fcnnepi szentmis\u00e9re!<\/strong><\/p>\n","protected":false},"excerpt":{"rendered":"<p>December 24-\u00e9n m\u00e1r nem lesz rorate szentmise. A templomot \u00e9jszaka 23:00-kor nyitjuk ki. 23:30-t\u00f3l zen\u00e9s \u00e1h\u00edtat lesz, melynek seg\u00edts\u00e9g\u00e9vel m\u00e9g ink\u00e1bb r\u00e1hangol\u00f3dhatunk a 00:00-kor kezd\u0151d\u0151&#8230;<\/p>\n","protected":false},"author":2,"featured_media":0,"comment_status":"closed","ping_status":"open","sticky":false,"template":"","format":"standard","meta":[],"categories":[1,9,2],"tags":[],"_links":{"self":[{"href":"https:\/\/szentistvan.dnyem.hu\/index.php?rest_route=\/wp\/v2\/posts\/2987"}],"collection":[{"href":"https:\/\/szentistvan.dnyem.hu\/index.php?rest_route=\/wp\/v2\/posts"}],"about":[{"href":"https:\/\/szentistvan.dnyem.hu\/index.php?rest_route=\/wp\/v2\/types\/post"}],"author":[{"embeddable":true,"href":"https:\/\/szentistvan.dnyem.hu\/index.php?rest_route=\/wp\/v2\/users\/2"}],"replies":[{"embeddable":true,"href":"https:\/\/szentistvan.dnyem.hu\/index.php?rest_route=%2Fwp%2Fv2%2Fcomments&post=2987"}],"version-history":[{"count":2,"href":"https:\/\/szentistvan.dnyem.hu\/index.php?rest_route=\/wp\/v2\/posts\/2987\/revisions"}],"predecessor-version":[{"id":2997,"href":"https:\/\/szentistvan.dnyem.hu\/index.php?rest_route=\/wp\/v2\/posts\/2987\/revisions\/2997"}],"wp:attachment":[{"href":"https:\/\/szentistvan.dnyem.hu\/index.php?rest_route=%2Fwp%2Fv2%2Fmedia&parent=2987"}],"wp:term":[{"taxonomy":"category","embeddable":true,"href":"https:\/\/szentistvan.dnyem.hu\/index.php?rest_route=%2Fwp%2Fv2%2Fcategories&post=2987"},{"taxonomy":"post_tag","embeddable":true,"href":"https:\/\/szentistvan.dnyem.hu\/index.php?rest_route=%2Fwp%2Fv2%2Ftags&post=2987"}],"curies":[{"name":"wp","href":"https:\/\/api.w.org\/{rel}","templated":true}]}}