{"id":2981,"date":"2019-12-17T21:27:25","date_gmt":"2019-12-17T19:27:25","guid":{"rendered":"http:\/\/szentistvan.dnyem.hu\/?p=2981"},"modified":"2019-12-17T21:27:25","modified_gmt":"2019-12-17T19:27:25","slug":"templomtakaritas-7","status":"publish","type":"post","link":"https:\/\/szentistvan.dnyem.hu\/?p=2981","title":{"rendered":"Templomtakar\u00edt\u00e1s"},"content":{"rendered":"\n<p><strong>December 20-\u00e9n, p\u00e9nteken, d\u00e9lut\u00e1n 16:00-t\u00f3<\/strong>l ker\u00fcl sor ebben az esztend\u0151ben a hagyom\u00e1nyos templomtakar\u00edt\u00e1sra. Szeretettel buzd\u00edtom a kedves testv\u00e9reket, hogy lehet\u0151s\u00e9geinkhez m\u00e9rten min\u00e9l t\u00f6bben vegy\u00fcnk r\u00e9szt, hiszen mindannyiunknak fontos, hogy m\u00e1sodik otthonunk is sz\u00e9p legyen.<\/p>\n","protected":false},"excerpt":{"rendered":"<p>December 20-\u00e9n, p\u00e9nteken, d\u00e9lut\u00e1n 16:00-t\u00f3l ker\u00fcl sor ebben az esztend\u0151ben a hagyom\u00e1nyos templomtakar\u00edt\u00e1sra. Szeretettel buzd\u00edtom a kedves testv\u00e9reket, hogy lehet\u0151s\u00e9geinkhez m\u00e9rten min\u00e9l t\u00f6bben vegy\u00fcnk r\u00e9szt,&#8230;<\/p>\n","protected":false},"author":2,"featured_media":0,"comment_status":"closed","ping_status":"open","sticky":false,"template":"","format":"standard","meta":[],"categories":[1,2],"tags":[],"_links":{"self":[{"href":"https:\/\/szentistvan.dnyem.hu\/index.php?rest_route=\/wp\/v2\/posts\/2981"}],"collection":[{"href":"https:\/\/szentistvan.dnyem.hu\/index.php?rest_route=\/wp\/v2\/posts"}],"about":[{"href":"https:\/\/szentistvan.dnyem.hu\/index.php?rest_route=\/wp\/v2\/types\/post"}],"author":[{"embeddable":true,"href":"https:\/\/szentistvan.dnyem.hu\/index.php?rest_route=\/wp\/v2\/users\/2"}],"replies":[{"embeddable":true,"href":"https:\/\/szentistvan.dnyem.hu\/index.php?rest_route=%2Fwp%2Fv2%2Fcomments&post=2981"}],"version-history":[{"count":1,"href":"https:\/\/szentistvan.dnyem.hu\/index.php?rest_route=\/wp\/v2\/posts\/2981\/revisions"}],"predecessor-version":[{"id":2982,"href":"https:\/\/szentistvan.dnyem.hu\/index.php?rest_route=\/wp\/v2\/posts\/2981\/revisions\/2982"}],"wp:attachment":[{"href":"https:\/\/szentistvan.dnyem.hu\/index.php?rest_route=%2Fwp%2Fv2%2Fmedia&parent=2981"}],"wp:term":[{"taxonomy":"category","embeddable":true,"href":"https:\/\/szentistvan.dnyem.hu\/index.php?rest_route=%2Fwp%2Fv2%2Fcategories&post=2981"},{"taxonomy":"post_tag","embeddable":true,"href":"https:\/\/szentistvan.dnyem.hu\/index.php?rest_route=%2Fwp%2Fv2%2Ftags&post=2981"}],"curies":[{"name":"wp","href":"https:\/\/api.w.org\/{rel}","templated":true}]}}