{"id":2977,"date":"2019-12-17T21:21:28","date_gmt":"2019-12-17T19:21:28","guid":{"rendered":"http:\/\/szentistvan.dnyem.hu\/?p=2977"},"modified":"2019-12-17T21:21:28","modified_gmt":"2019-12-17T19:21:28","slug":"zenes-ahitat","status":"publish","type":"post","link":"https:\/\/szentistvan.dnyem.hu\/?p=2977","title":{"rendered":"Zen\u00e9s \u00e1h\u00edtat"},"content":{"rendered":"\n<p><strong>H\u00edvon \u00e9s v\u00e1rom azokat a kedves testv\u00e9reket,csal\u00e1dokat, akik sz\u00edvesen felolvasn\u00e1nak egy-egy gondolatot december 24-\u00e9n, \u00e9jszaka az \u00e9jf\u00e9li szentmise el\u0151tti zen\u00e9s \u00e1h\u00edtaton. A szentmise ut\u00e1n v\u00e1rom \u0151ket szeretettel a sekreszty\u00e9ben.<\/strong><\/p>\n","protected":false},"excerpt":{"rendered":"<p>H\u00edvon \u00e9s v\u00e1rom azokat a kedves testv\u00e9reket,csal\u00e1dokat, akik sz\u00edvesen felolvasn\u00e1nak egy-egy gondolatot december 24-\u00e9n, \u00e9jszaka az \u00e9jf\u00e9li szentmise el\u0151tti zen\u00e9s \u00e1h\u00edtaton. A szentmise ut\u00e1n v\u00e1rom&#8230;<\/p>\n","protected":false},"author":2,"featured_media":0,"comment_status":"closed","ping_status":"open","sticky":false,"template":"","format":"standard","meta":[],"categories":[1,9,2],"tags":[],"_links":{"self":[{"href":"https:\/\/szentistvan.dnyem.hu\/index.php?rest_route=\/wp\/v2\/posts\/2977"}],"collection":[{"href":"https:\/\/szentistvan.dnyem.hu\/index.php?rest_route=\/wp\/v2\/posts"}],"about":[{"href":"https:\/\/szentistvan.dnyem.hu\/index.php?rest_route=\/wp\/v2\/types\/post"}],"author":[{"embeddable":true,"href":"https:\/\/szentistvan.dnyem.hu\/index.php?rest_route=\/wp\/v2\/users\/2"}],"replies":[{"embeddable":true,"href":"https:\/\/szentistvan.dnyem.hu\/index.php?rest_route=%2Fwp%2Fv2%2Fcomments&post=2977"}],"version-history":[{"count":1,"href":"https:\/\/szentistvan.dnyem.hu\/index.php?rest_route=\/wp\/v2\/posts\/2977\/revisions"}],"predecessor-version":[{"id":2978,"href":"https:\/\/szentistvan.dnyem.hu\/index.php?rest_route=\/wp\/v2\/posts\/2977\/revisions\/2978"}],"wp:attachment":[{"href":"https:\/\/szentistvan.dnyem.hu\/index.php?rest_route=%2Fwp%2Fv2%2Fmedia&parent=2977"}],"wp:term":[{"taxonomy":"category","embeddable":true,"href":"https:\/\/szentistvan.dnyem.hu\/index.php?rest_route=%2Fwp%2Fv2%2Fcategories&post=2977"},{"taxonomy":"post_tag","embeddable":true,"href":"https:\/\/szentistvan.dnyem.hu\/index.php?rest_route=%2Fwp%2Fv2%2Ftags&post=2977"}],"curies":[{"name":"wp","href":"https:\/\/api.w.org\/{rel}","templated":true}]}}