{"id":2975,"date":"2019-12-17T21:18:06","date_gmt":"2019-12-17T19:18:06","guid":{"rendered":"http:\/\/szentistvan.dnyem.hu\/?p=2975"},"modified":"2019-12-17T21:18:06","modified_gmt":"2019-12-17T19:18:06","slug":"lelki-feltoltodes","status":"publish","type":"post","link":"https:\/\/szentistvan.dnyem.hu\/?p=2975","title":{"rendered":"Lelki felt\u00f6lt\u0151d\u00e9s"},"content":{"rendered":"\n<p><strong>December 16-\u00e1n (h\u00e9tf\u0151n) 16:30-t\u00f3l adventi lelki felt\u00f6lt\u0151d\u00e9sre van lehet\u0151s\u00e9g. A program: 16:30-t\u00f3l gy\u00f3ntat\u00e1s, 17:00-t\u00f3l k\u00f6z\u00f6s elm\u00e9lked\u00e9s.<\/strong><\/p>\n\n\n\n<p>Szeretettel h\u00edvom \u00e9s v\u00e1rom a kedves testv\u00e9reket.<\/p>\n","protected":false},"excerpt":{"rendered":"<p>December 16-\u00e1n (h\u00e9tf\u0151n) 16:30-t\u00f3l adventi lelki felt\u00f6lt\u0151d\u00e9sre van lehet\u0151s\u00e9g. A program: 16:30-t\u00f3l gy\u00f3ntat\u00e1s, 17:00-t\u00f3l k\u00f6z\u00f6s elm\u00e9lked\u00e9s. Szeretettel h\u00edvom \u00e9s v\u00e1rom a kedves testv\u00e9reket.<\/p>\n","protected":false},"author":2,"featured_media":0,"comment_status":"closed","ping_status":"open","sticky":false,"template":"","format":"standard","meta":[],"categories":[1,9,2],"tags":[],"_links":{"self":[{"href":"https:\/\/szentistvan.dnyem.hu\/index.php?rest_route=\/wp\/v2\/posts\/2975"}],"collection":[{"href":"https:\/\/szentistvan.dnyem.hu\/index.php?rest_route=\/wp\/v2\/posts"}],"about":[{"href":"https:\/\/szentistvan.dnyem.hu\/index.php?rest_route=\/wp\/v2\/types\/post"}],"author":[{"embeddable":true,"href":"https:\/\/szentistvan.dnyem.hu\/index.php?rest_route=\/wp\/v2\/users\/2"}],"replies":[{"embeddable":true,"href":"https:\/\/szentistvan.dnyem.hu\/index.php?rest_route=%2Fwp%2Fv2%2Fcomments&post=2975"}],"version-history":[{"count":1,"href":"https:\/\/szentistvan.dnyem.hu\/index.php?rest_route=\/wp\/v2\/posts\/2975\/revisions"}],"predecessor-version":[{"id":2976,"href":"https:\/\/szentistvan.dnyem.hu\/index.php?rest_route=\/wp\/v2\/posts\/2975\/revisions\/2976"}],"wp:attachment":[{"href":"https:\/\/szentistvan.dnyem.hu\/index.php?rest_route=%2Fwp%2Fv2%2Fmedia&parent=2975"}],"wp:term":[{"taxonomy":"category","embeddable":true,"href":"https:\/\/szentistvan.dnyem.hu\/index.php?rest_route=%2Fwp%2Fv2%2Fcategories&post=2975"},{"taxonomy":"post_tag","embeddable":true,"href":"https:\/\/szentistvan.dnyem.hu\/index.php?rest_route=%2Fwp%2Fv2%2Ftags&post=2975"}],"curies":[{"name":"wp","href":"https:\/\/api.w.org\/{rel}","templated":true}]}}