{"id":2963,"date":"2019-12-08T13:51:34","date_gmt":"2019-12-08T11:51:34","guid":{"rendered":"http:\/\/szentistvan.dnyem.hu\/?p=2963"},"modified":"2019-12-08T13:51:34","modified_gmt":"2019-12-08T11:51:34","slug":"betegek-ellatasa-szentsegekkel","status":"publish","type":"post","link":"https:\/\/szentistvan.dnyem.hu\/?p=2963","title":{"rendered":"Betegek ell\u00e1t\u00e1sa szents\u00e9gekkel"},"content":{"rendered":"\n<p>K\u00e9rem azokat a kedves testv\u00e9reket, akik tudnak olyan, otthonukban l\u00e9v\u0151 betegekr\u0151l, akik szeretn\u00e9nek kar\u00e1csony \u00fcnnepe el\u0151tt szents\u00e9gekhez j\u00e1rulni, jelezz\u00e9k sz\u00e1momra a szentmis\u00e9k v\u00e9g\u00e9n a sekresty\u00e9ben.<\/p>\n","protected":false},"excerpt":{"rendered":"<p>K\u00e9rem azokat a kedves testv\u00e9reket, akik tudnak olyan, otthonukban l\u00e9v\u0151 betegekr\u0151l, akik szeretn\u00e9nek kar\u00e1csony \u00fcnnepe el\u0151tt szents\u00e9gekhez j\u00e1rulni, jelezz\u00e9k sz\u00e1momra a szentmis\u00e9k v\u00e9g\u00e9n a sekresty\u00e9ben.<\/p>\n","protected":false},"author":2,"featured_media":0,"comment_status":"closed","ping_status":"open","sticky":false,"template":"","format":"standard","meta":[],"categories":[1,2],"tags":[],"_links":{"self":[{"href":"https:\/\/szentistvan.dnyem.hu\/index.php?rest_route=\/wp\/v2\/posts\/2963"}],"collection":[{"href":"https:\/\/szentistvan.dnyem.hu\/index.php?rest_route=\/wp\/v2\/posts"}],"about":[{"href":"https:\/\/szentistvan.dnyem.hu\/index.php?rest_route=\/wp\/v2\/types\/post"}],"author":[{"embeddable":true,"href":"https:\/\/szentistvan.dnyem.hu\/index.php?rest_route=\/wp\/v2\/users\/2"}],"replies":[{"embeddable":true,"href":"https:\/\/szentistvan.dnyem.hu\/index.php?rest_route=%2Fwp%2Fv2%2Fcomments&post=2963"}],"version-history":[{"count":1,"href":"https:\/\/szentistvan.dnyem.hu\/index.php?rest_route=\/wp\/v2\/posts\/2963\/revisions"}],"predecessor-version":[{"id":2964,"href":"https:\/\/szentistvan.dnyem.hu\/index.php?rest_route=\/wp\/v2\/posts\/2963\/revisions\/2964"}],"wp:attachment":[{"href":"https:\/\/szentistvan.dnyem.hu\/index.php?rest_route=%2Fwp%2Fv2%2Fmedia&parent=2963"}],"wp:term":[{"taxonomy":"category","embeddable":true,"href":"https:\/\/szentistvan.dnyem.hu\/index.php?rest_route=%2Fwp%2Fv2%2Fcategories&post=2963"},{"taxonomy":"post_tag","embeddable":true,"href":"https:\/\/szentistvan.dnyem.hu\/index.php?rest_route=%2Fwp%2Fv2%2Ftags&post=2963"}],"curies":[{"name":"wp","href":"https:\/\/api.w.org\/{rel}","templated":true}]}}