{"id":2959,"date":"2019-12-08T13:41:45","date_gmt":"2019-12-08T11:41:45","guid":{"rendered":"http:\/\/szentistvan.dnyem.hu\/?p=2959"},"modified":"2019-12-22T18:54:07","modified_gmt":"2019-12-22T16:54:07","slug":"rorate-2","status":"publish","type":"post","link":"https:\/\/szentistvan.dnyem.hu\/?p=2959","title":{"rendered":"Rorate"},"content":{"rendered":"\n<p><strong>December 26-\u00e1n, reggel hat \u00f3r\u00e1t\u00f3l van ebben az esztend\u0151ben az utols\u00f3 <a href=\"http:\/\/lexikon.katolikus.hu\/R\/Rorate.html\">rorate<\/a> szentmise templomunkban. <\/strong>H\u00e1l\u00e1san k\u00f6sz\u00f6n\u00f6m a kedves testv\u00e9reknek a hajnali szentmis\u00e9ken a tev\u00e9keny, im\u00e1ds\u00e1gos jelenl\u00e9tet, valamint a k\u00fcl\u00f6nb\u00f6z\u0151 karitat\u00edv gy\u0171jt\u00e9sekben val\u00f3 igazi r\u00e9szv\u00e9telt!<\/p>\n","protected":false},"excerpt":{"rendered":"<p>December 26-\u00e1n, reggel hat \u00f3r\u00e1t\u00f3l van ebben az esztend\u0151ben az utols\u00f3 rorate szentmise templomunkban. H\u00e1l\u00e1san k\u00f6sz\u00f6n\u00f6m a kedves testv\u00e9reknek a hajnali szentmis\u00e9ken a tev\u00e9keny, im\u00e1ds\u00e1gos&#8230;<\/p>\n","protected":false},"author":2,"featured_media":0,"comment_status":"closed","ping_status":"open","sticky":false,"template":"","format":"standard","meta":[],"categories":[1,9,2],"tags":[],"_links":{"self":[{"href":"https:\/\/szentistvan.dnyem.hu\/index.php?rest_route=\/wp\/v2\/posts\/2959"}],"collection":[{"href":"https:\/\/szentistvan.dnyem.hu\/index.php?rest_route=\/wp\/v2\/posts"}],"about":[{"href":"https:\/\/szentistvan.dnyem.hu\/index.php?rest_route=\/wp\/v2\/types\/post"}],"author":[{"embeddable":true,"href":"https:\/\/szentistvan.dnyem.hu\/index.php?rest_route=\/wp\/v2\/users\/2"}],"replies":[{"embeddable":true,"href":"https:\/\/szentistvan.dnyem.hu\/index.php?rest_route=%2Fwp%2Fv2%2Fcomments&post=2959"}],"version-history":[{"count":2,"href":"https:\/\/szentistvan.dnyem.hu\/index.php?rest_route=\/wp\/v2\/posts\/2959\/revisions"}],"predecessor-version":[{"id":2986,"href":"https:\/\/szentistvan.dnyem.hu\/index.php?rest_route=\/wp\/v2\/posts\/2959\/revisions\/2986"}],"wp:attachment":[{"href":"https:\/\/szentistvan.dnyem.hu\/index.php?rest_route=%2Fwp%2Fv2%2Fmedia&parent=2959"}],"wp:term":[{"taxonomy":"category","embeddable":true,"href":"https:\/\/szentistvan.dnyem.hu\/index.php?rest_route=%2Fwp%2Fv2%2Fcategories&post=2959"},{"taxonomy":"post_tag","embeddable":true,"href":"https:\/\/szentistvan.dnyem.hu\/index.php?rest_route=%2Fwp%2Fv2%2Ftags&post=2959"}],"curies":[{"name":"wp","href":"https:\/\/api.w.org\/{rel}","templated":true}]}}