{"id":2946,"date":"2019-12-01T23:51:58","date_gmt":"2019-12-01T21:51:58","guid":{"rendered":"http:\/\/szentistvan.dnyem.hu\/?p=2946"},"modified":"2019-12-01T23:51:58","modified_gmt":"2019-12-01T21:51:58","slug":"szeplotelen-fogantatas","status":"publish","type":"post","link":"https:\/\/szentistvan.dnyem.hu\/?p=2946","title":{"rendered":"Szepl\u0151telen Fogantat\u00e1s"},"content":{"rendered":"\n<p>Ebben az esztend\u0151ben december 8. vas\u00e1rnapra esik, ez\u00e9rt az egyh\u00e1zi el\u0151\u00edr\u00e1snak megfelel\u0151en a <a href=\"http:\/\/lexikon.katolikus.hu\/S\/szepl%C5%91telen%20fogantat%C3%A1s.html\">Szepl\u0151telen Fogantat\u00e1s<\/a> f\u0151\u00fcnnep\u00e9t december 9-\u00e9n, h\u00e9tf\u0151n a rorate szentmise keret\u00e9ben fogjuk \u00fcnnepelni.<\/p>\n","protected":false},"excerpt":{"rendered":"<p>Ebben az esztend\u0151ben december 8. vas\u00e1rnapra esik, ez\u00e9rt az egyh\u00e1zi el\u0151\u00edr\u00e1snak megfelel\u0151en a Szepl\u0151telen Fogantat\u00e1s f\u0151\u00fcnnep\u00e9t december 9-\u00e9n, h\u00e9tf\u0151n a rorate szentmise keret\u00e9ben fogjuk \u00fcnnepelni.<\/p>\n","protected":false},"author":2,"featured_media":0,"comment_status":"closed","ping_status":"open","sticky":false,"template":"","format":"standard","meta":[],"categories":[1,9,2],"tags":[],"_links":{"self":[{"href":"https:\/\/szentistvan.dnyem.hu\/index.php?rest_route=\/wp\/v2\/posts\/2946"}],"collection":[{"href":"https:\/\/szentistvan.dnyem.hu\/index.php?rest_route=\/wp\/v2\/posts"}],"about":[{"href":"https:\/\/szentistvan.dnyem.hu\/index.php?rest_route=\/wp\/v2\/types\/post"}],"author":[{"embeddable":true,"href":"https:\/\/szentistvan.dnyem.hu\/index.php?rest_route=\/wp\/v2\/users\/2"}],"replies":[{"embeddable":true,"href":"https:\/\/szentistvan.dnyem.hu\/index.php?rest_route=%2Fwp%2Fv2%2Fcomments&post=2946"}],"version-history":[{"count":1,"href":"https:\/\/szentistvan.dnyem.hu\/index.php?rest_route=\/wp\/v2\/posts\/2946\/revisions"}],"predecessor-version":[{"id":2947,"href":"https:\/\/szentistvan.dnyem.hu\/index.php?rest_route=\/wp\/v2\/posts\/2946\/revisions\/2947"}],"wp:attachment":[{"href":"https:\/\/szentistvan.dnyem.hu\/index.php?rest_route=%2Fwp%2Fv2%2Fmedia&parent=2946"}],"wp:term":[{"taxonomy":"category","embeddable":true,"href":"https:\/\/szentistvan.dnyem.hu\/index.php?rest_route=%2Fwp%2Fv2%2Fcategories&post=2946"},{"taxonomy":"post_tag","embeddable":true,"href":"https:\/\/szentistvan.dnyem.hu\/index.php?rest_route=%2Fwp%2Fv2%2Ftags&post=2946"}],"curies":[{"name":"wp","href":"https:\/\/api.w.org\/{rel}","templated":true}]}}