{"id":2926,"date":"2019-11-25T15:59:32","date_gmt":"2019-11-25T13:59:32","guid":{"rendered":"http:\/\/szentistvan.dnyem.hu\/?p=2926"},"modified":"2019-12-01T23:47:52","modified_gmt":"2019-12-01T21:47:52","slug":"uj-egyhazi-esztendo","status":"publish","type":"post","link":"https:\/\/szentistvan.dnyem.hu\/?p=2926","title":{"rendered":"\u00daj egyh\u00e1zi esztend\u0151"},"content":{"rendered":"\n<p>December 1-j\u00e9n, vas\u00e1rnap \u00faj <a href=\"http:\/\/lexikon.katolikus.hu\/E\/egyh%C3%A1zi%20%C3%A9v.html\">egyh\u00e1zi \u00e9v<\/a> kezd\u0151dik.<\/p>\n\n\n\n<p>Advent h\u00e9tk\u00f6znapjain reggel 6 \u00f3r\u00e1t\u00f3l <a href=\"http:\/\/lexikon.katolikus.hu\/R\/Rorate.html\">rorate<\/a> szentmis\u00e9t v\u00e9gz\u00fcnk. H\u00edvom \u00e9s v\u00e1rom a kedves testv\u00e9reket.<\/p>\n","protected":false},"excerpt":{"rendered":"<p>December 1-j\u00e9n, vas\u00e1rnap \u00faj egyh\u00e1zi \u00e9v kezd\u0151dik. Advent h\u00e9tk\u00f6znapjain reggel 6 \u00f3r\u00e1t\u00f3l rorate szentmis\u00e9t v\u00e9gz\u00fcnk. H\u00edvom \u00e9s v\u00e1rom a kedves testv\u00e9reket.<\/p>\n","protected":false},"author":2,"featured_media":0,"comment_status":"closed","ping_status":"open","sticky":false,"template":"","format":"standard","meta":[],"categories":[1,9,2],"tags":[],"_links":{"self":[{"href":"https:\/\/szentistvan.dnyem.hu\/index.php?rest_route=\/wp\/v2\/posts\/2926"}],"collection":[{"href":"https:\/\/szentistvan.dnyem.hu\/index.php?rest_route=\/wp\/v2\/posts"}],"about":[{"href":"https:\/\/szentistvan.dnyem.hu\/index.php?rest_route=\/wp\/v2\/types\/post"}],"author":[{"embeddable":true,"href":"https:\/\/szentistvan.dnyem.hu\/index.php?rest_route=\/wp\/v2\/users\/2"}],"replies":[{"embeddable":true,"href":"https:\/\/szentistvan.dnyem.hu\/index.php?rest_route=%2Fwp%2Fv2%2Fcomments&post=2926"}],"version-history":[{"count":3,"href":"https:\/\/szentistvan.dnyem.hu\/index.php?rest_route=\/wp\/v2\/posts\/2926\/revisions"}],"predecessor-version":[{"id":2945,"href":"https:\/\/szentistvan.dnyem.hu\/index.php?rest_route=\/wp\/v2\/posts\/2926\/revisions\/2945"}],"wp:attachment":[{"href":"https:\/\/szentistvan.dnyem.hu\/index.php?rest_route=%2Fwp%2Fv2%2Fmedia&parent=2926"}],"wp:term":[{"taxonomy":"category","embeddable":true,"href":"https:\/\/szentistvan.dnyem.hu\/index.php?rest_route=%2Fwp%2Fv2%2Fcategories&post=2926"},{"taxonomy":"post_tag","embeddable":true,"href":"https:\/\/szentistvan.dnyem.hu\/index.php?rest_route=%2Fwp%2Fv2%2Ftags&post=2926"}],"curies":[{"name":"wp","href":"https:\/\/api.w.org\/{rel}","templated":true}]}}