{"id":2920,"date":"2019-11-18T00:59:37","date_gmt":"2019-11-17T22:59:37","guid":{"rendered":"http:\/\/szentistvan.dnyem.hu\/?p=2920"},"modified":"2019-11-18T00:59:37","modified_gmt":"2019-11-17T22:59:37","slug":"emlekezes-elhunyt-szeretteinkre","status":"publish","type":"post","link":"https:\/\/szentistvan.dnyem.hu\/?p=2920","title":{"rendered":"Eml\u00e9kez\u00e9s elhunyt szeretteinkre"},"content":{"rendered":"\n<p><strong>November 25-\u00e9n, Krisztus Kir\u00e1ly vas\u00e1rnapj\u00e1n, a szentmise el\u0151tt, 9:00-t\u00f3l k\u00f6z\u00f6sen eml\u00e9kez\u00fcnk elhunyt szeretteinkre, halottainkra, ez\u00e9rt r\u00e9szleteket fogunk meghallgatni Verdi Requiem c. m\u0171v\u00e9b\u0151l, r\u00f6vid magyar\u00e1zatokkal k\u00eds\u00e9rve.<\/strong><\/p>\n\n\n\n<p>H\u00edvjuk \u00e9s v\u00e1rjuk a kedves testv\u00e9reket, hogy min\u00e9l t\u00f6bben vegy\u00fcnk r\u00e9szt ezen az im\u00e1ds\u00e1gon.<\/p>\n","protected":false},"excerpt":{"rendered":"<p>November 25-\u00e9n, Krisztus Kir\u00e1ly vas\u00e1rnapj\u00e1n, a szentmise el\u0151tt, 9:00-t\u00f3l k\u00f6z\u00f6sen eml\u00e9kez\u00fcnk elhunyt szeretteinkre, halottainkra, ez\u00e9rt r\u00e9szleteket fogunk meghallgatni Verdi Requiem c. m\u0171v\u00e9b\u0151l, r\u00f6vid magyar\u00e1zatokkal k\u00eds\u00e9rve&#8230;.<\/p>\n","protected":false},"author":2,"featured_media":0,"comment_status":"closed","ping_status":"open","sticky":false,"template":"","format":"standard","meta":[],"categories":[1,9,2],"tags":[],"_links":{"self":[{"href":"https:\/\/szentistvan.dnyem.hu\/index.php?rest_route=\/wp\/v2\/posts\/2920"}],"collection":[{"href":"https:\/\/szentistvan.dnyem.hu\/index.php?rest_route=\/wp\/v2\/posts"}],"about":[{"href":"https:\/\/szentistvan.dnyem.hu\/index.php?rest_route=\/wp\/v2\/types\/post"}],"author":[{"embeddable":true,"href":"https:\/\/szentistvan.dnyem.hu\/index.php?rest_route=\/wp\/v2\/users\/2"}],"replies":[{"embeddable":true,"href":"https:\/\/szentistvan.dnyem.hu\/index.php?rest_route=%2Fwp%2Fv2%2Fcomments&post=2920"}],"version-history":[{"count":1,"href":"https:\/\/szentistvan.dnyem.hu\/index.php?rest_route=\/wp\/v2\/posts\/2920\/revisions"}],"predecessor-version":[{"id":2921,"href":"https:\/\/szentistvan.dnyem.hu\/index.php?rest_route=\/wp\/v2\/posts\/2920\/revisions\/2921"}],"wp:attachment":[{"href":"https:\/\/szentistvan.dnyem.hu\/index.php?rest_route=%2Fwp%2Fv2%2Fmedia&parent=2920"}],"wp:term":[{"taxonomy":"category","embeddable":true,"href":"https:\/\/szentistvan.dnyem.hu\/index.php?rest_route=%2Fwp%2Fv2%2Fcategories&post=2920"},{"taxonomy":"post_tag","embeddable":true,"href":"https:\/\/szentistvan.dnyem.hu\/index.php?rest_route=%2Fwp%2Fv2%2Ftags&post=2920"}],"curies":[{"name":"wp","href":"https:\/\/api.w.org\/{rel}","templated":true}]}}