{"id":2918,"date":"2019-11-18T00:42:28","date_gmt":"2019-11-17T22:42:28","guid":{"rendered":"http:\/\/szentistvan.dnyem.hu\/?p=2918"},"modified":"2019-11-18T00:42:28","modified_gmt":"2019-11-17T22:42:28","slug":"krisztus-kiraly-vasarnapja-2","status":"publish","type":"post","link":"https:\/\/szentistvan.dnyem.hu\/?p=2918","title":{"rendered":"Krisztus Kir\u00e1ly vas\u00e1rnapja"},"content":{"rendered":"\n<p>November 24-\u00e9n, vas\u00e1rnap lesz <a href=\"http:\/\/lexikon.katolikus.hu\/K\/Krisztus%20Kir%C3%A1ly%20vas%C3%A1rnapja.html\">Krisztus Kir\u00e1ly vas\u00e1rnapja<\/a>.<\/p>\n\n\n\n<p>Befejez\u0151dik az <a href=\"http:\/\/lexikon.katolikus.hu\/E\/egyh%C3%A1zi%20%C3%A9v.html\">egyh\u00e1zi \u00e9v<\/a>.<\/p>\n\n\n\n<p>Gy\u0171jt\u00e9s lesz a <a href=\"http:\/\/lexikon.katolikus.hu\/C\/caritas.html\">Karit\u00e1sz<\/a> jav\u00e1ra.<\/p>\n","protected":false},"excerpt":{"rendered":"<p>November 24-\u00e9n, vas\u00e1rnap lesz Krisztus Kir\u00e1ly vas\u00e1rnapja. Befejez\u0151dik az egyh\u00e1zi \u00e9v. Gy\u0171jt\u00e9s lesz a Karit\u00e1sz jav\u00e1ra.<\/p>\n","protected":false},"author":2,"featured_media":0,"comment_status":"closed","ping_status":"open","sticky":false,"template":"","format":"standard","meta":[],"categories":[1,9,7,2],"tags":[],"_links":{"self":[{"href":"https:\/\/szentistvan.dnyem.hu\/index.php?rest_route=\/wp\/v2\/posts\/2918"}],"collection":[{"href":"https:\/\/szentistvan.dnyem.hu\/index.php?rest_route=\/wp\/v2\/posts"}],"about":[{"href":"https:\/\/szentistvan.dnyem.hu\/index.php?rest_route=\/wp\/v2\/types\/post"}],"author":[{"embeddable":true,"href":"https:\/\/szentistvan.dnyem.hu\/index.php?rest_route=\/wp\/v2\/users\/2"}],"replies":[{"embeddable":true,"href":"https:\/\/szentistvan.dnyem.hu\/index.php?rest_route=%2Fwp%2Fv2%2Fcomments&post=2918"}],"version-history":[{"count":1,"href":"https:\/\/szentistvan.dnyem.hu\/index.php?rest_route=\/wp\/v2\/posts\/2918\/revisions"}],"predecessor-version":[{"id":2919,"href":"https:\/\/szentistvan.dnyem.hu\/index.php?rest_route=\/wp\/v2\/posts\/2918\/revisions\/2919"}],"wp:attachment":[{"href":"https:\/\/szentistvan.dnyem.hu\/index.php?rest_route=%2Fwp%2Fv2%2Fmedia&parent=2918"}],"wp:term":[{"taxonomy":"category","embeddable":true,"href":"https:\/\/szentistvan.dnyem.hu\/index.php?rest_route=%2Fwp%2Fv2%2Fcategories&post=2918"},{"taxonomy":"post_tag","embeddable":true,"href":"https:\/\/szentistvan.dnyem.hu\/index.php?rest_route=%2Fwp%2Fv2%2Ftags&post=2918"}],"curies":[{"name":"wp","href":"https:\/\/api.w.org\/{rel}","templated":true}]}}