{"id":2909,"date":"2019-11-10T20:15:04","date_gmt":"2019-11-10T18:15:04","guid":{"rendered":"http:\/\/szentistvan.dnyem.hu\/?p=2909"},"modified":"2019-11-10T20:15:04","modified_gmt":"2019-11-10T18:15:04","slug":"szegenyek-vilagnapja","status":"publish","type":"post","link":"https:\/\/szentistvan.dnyem.hu\/?p=2909","title":{"rendered":"Szeg\u00e9nyek vil\u00e1gnapja"},"content":{"rendered":"\n<p>November 17-\u00e9n, vas\u00e1rnap megeml\u00e9kez\u00fcnk <a href=\"https:\/\/www.magyarkurir.hu\/hirek\/arpad-hazi-szent-erzsebet\">\u00c1rp\u00e1d-h\u00e1zi Szent Erzs\u00e9betr\u0151l<\/a>, illetve ekkor lesz a <a href=\"https:\/\/www.vaticannews.va\/hu\/papa\/news\/2019-06\/ferenc-papa-uzenete-a-2019-szegenyek-vilagnapjara.html\">szeg\u00e9nyek vil\u00e1gnapja<\/a> is.<\/p>\n","protected":false},"excerpt":{"rendered":"<p>November 17-\u00e9n, vas\u00e1rnap megeml\u00e9kez\u00fcnk \u00c1rp\u00e1d-h\u00e1zi Szent Erzs\u00e9betr\u0151l, illetve ekkor lesz a szeg\u00e9nyek vil\u00e1gnapja is.<\/p>\n","protected":false},"author":2,"featured_media":0,"comment_status":"closed","ping_status":"open","sticky":false,"template":"","format":"standard","meta":[],"categories":[1,9,2],"tags":[],"_links":{"self":[{"href":"https:\/\/szentistvan.dnyem.hu\/index.php?rest_route=\/wp\/v2\/posts\/2909"}],"collection":[{"href":"https:\/\/szentistvan.dnyem.hu\/index.php?rest_route=\/wp\/v2\/posts"}],"about":[{"href":"https:\/\/szentistvan.dnyem.hu\/index.php?rest_route=\/wp\/v2\/types\/post"}],"author":[{"embeddable":true,"href":"https:\/\/szentistvan.dnyem.hu\/index.php?rest_route=\/wp\/v2\/users\/2"}],"replies":[{"embeddable":true,"href":"https:\/\/szentistvan.dnyem.hu\/index.php?rest_route=%2Fwp%2Fv2%2Fcomments&post=2909"}],"version-history":[{"count":1,"href":"https:\/\/szentistvan.dnyem.hu\/index.php?rest_route=\/wp\/v2\/posts\/2909\/revisions"}],"predecessor-version":[{"id":2910,"href":"https:\/\/szentistvan.dnyem.hu\/index.php?rest_route=\/wp\/v2\/posts\/2909\/revisions\/2910"}],"wp:attachment":[{"href":"https:\/\/szentistvan.dnyem.hu\/index.php?rest_route=%2Fwp%2Fv2%2Fmedia&parent=2909"}],"wp:term":[{"taxonomy":"category","embeddable":true,"href":"https:\/\/szentistvan.dnyem.hu\/index.php?rest_route=%2Fwp%2Fv2%2Fcategories&post=2909"},{"taxonomy":"post_tag","embeddable":true,"href":"https:\/\/szentistvan.dnyem.hu\/index.php?rest_route=%2Fwp%2Fv2%2Ftags&post=2909"}],"curies":[{"name":"wp","href":"https:\/\/api.w.org\/{rel}","templated":true}]}}