{"id":2879,"date":"2019-10-30T17:59:10","date_gmt":"2019-10-30T15:59:10","guid":{"rendered":"http:\/\/szentistvan.dnyem.hu\/?p=2879"},"modified":"2019-10-30T18:04:49","modified_gmt":"2019-10-30T16:04:49","slug":"orgonank-felujitasa","status":"publish","type":"post","link":"https:\/\/szentistvan.dnyem.hu\/?p=2879","title":{"rendered":"Orgon\u00e1nk fel\u00faj\u00edt\u00e1sa"},"content":{"rendered":"\n<p>Orgon\u00e1nk fel\u00faj\u00edt\u00e1sa (t\u0151l\u00fcnk f\u00fcggetlen okok miatt) nem az el\u0151re tervezett \u00fctemben zajlik. De az, ami eddig elk\u00e9sz\u00fclt azt mutatja, hogy mire a fel\u00faj\u00edt\u00e1s v\u00e9get \u00e9r, igazi, modern, 21. sz\u00e1zadi orgon\u00e1val lesz gazdagabb templomunk. Az al\u00e1bbi k\u00e9peken ismerkedj\u00fcnk meg az eddig elk\u00e9sz\u00fclt jel\u00e1tsz\u00f3asztallal:<\/p>\n\n\n\n<figure class=\"wp-block-image\"><img loading=\"lazy\" width=\"1024\" height=\"768\" src=\"http:\/\/szentistvan.dnyem.hu\/wp-content\/uploads\/2019\/10\/IMG_20191024_162532-1024x768.jpg\" alt=\"\" class=\"wp-image-2880\" srcset=\"https:\/\/szentistvan.dnyem.hu\/wp-content\/uploads\/2019\/10\/IMG_20191024_162532-1024x768.jpg 1024w, https:\/\/szentistvan.dnyem.hu\/wp-content\/uploads\/2019\/10\/IMG_20191024_162532-540x405.jpg 540w, https:\/\/szentistvan.dnyem.hu\/wp-content\/uploads\/2019\/10\/IMG_20191024_162532-768x576.jpg 768w, https:\/\/szentistvan.dnyem.hu\/wp-content\/uploads\/2019\/10\/IMG_20191024_162532-1218x914.jpg 1218w, https:\/\/szentistvan.dnyem.hu\/wp-content\/uploads\/2019\/10\/IMG_20191024_162532-480x360.jpg 480w\" sizes=\"(max-width: 1024px) 100vw, 1024px\" \/><figcaption>A j\u00e1tsz\u00f3asztal als\u00f3 r\u00e9sze. Ez lesz a ped\u00e1l klaviat\u00fara f\u00f6l\u00f6tt. K\u00f6z\u00e9pen a krescsend\u00f3 henger \u00e9s a red\u0151ny talp, mellett\u00fck k\u00e9t oldalt a Setzer l\u00e9ptet\u0151 l\u00e1bkapcsol\u00f3k (pisztonok). A bal oldali r\u00e9szen a fels\u0151 h\u00e1rom l\u00e1bkapcsol\u00f3 a krescsend\u00f3 henger, nyelvregiszterek \u00e9s az automata pianoped\u00e1l kikapcsol\u00f3i. Az als\u00f3 h\u00e1rom a kopul\u00e1k be-ki kapcsol\u00f3i. Jobb oldalon a pleno \u00e9s tutti be-ki kapcsol\u00f3i.<\/figcaption><\/figure>\n\n\n\n<figure class=\"wp-block-image\"><img loading=\"lazy\" width=\"1024\" height=\"768\" src=\"http:\/\/szentistvan.dnyem.hu\/wp-content\/uploads\/2019\/10\/IMG_20191024_162543-1024x768.jpg\" alt=\"\" class=\"wp-image-2881\" srcset=\"https:\/\/szentistvan.dnyem.hu\/wp-content\/uploads\/2019\/10\/IMG_20191024_162543-1024x768.jpg 1024w, https:\/\/szentistvan.dnyem.hu\/wp-content\/uploads\/2019\/10\/IMG_20191024_162543-540x405.jpg 540w, https:\/\/szentistvan.dnyem.hu\/wp-content\/uploads\/2019\/10\/IMG_20191024_162543-768x576.jpg 768w, https:\/\/szentistvan.dnyem.hu\/wp-content\/uploads\/2019\/10\/IMG_20191024_162543-1218x914.jpg 1218w, https:\/\/szentistvan.dnyem.hu\/wp-content\/uploads\/2019\/10\/IMG_20191024_162543-480x360.jpg 480w\" sizes=\"(max-width: 1024px) 100vw, 1024px\" \/><figcaption>A teljes j\u00e1tsz\u00f3asztal v\u00e1za, \u00e9s a l\u00e9nyeges elemek. A billenty\u0171 sor mellett baloldalon fent a Setzer kombin\u00e1ci\u00f3 l\u00e9ptet\u0151i a lapoz\u00f3 sz\u00e1m\u00e1ra, alatta a motor ind\u00edt\u00f3 kapcsol\u00f3, lent az \u00e9neksz\u00f6veg vet\u00edt\u00e9s\u00e9nek kapcsol\u00f3i.<\/figcaption><\/figure>\n\n\n\n<figure class=\"wp-block-image\"><img loading=\"lazy\" width=\"1024\" height=\"768\" src=\"http:\/\/szentistvan.dnyem.hu\/wp-content\/uploads\/2019\/10\/IMG_20191024_162612-1024x768.jpg\" alt=\"\" class=\"wp-image-2882\" srcset=\"https:\/\/szentistvan.dnyem.hu\/wp-content\/uploads\/2019\/10\/IMG_20191024_162612-1024x768.jpg 1024w, https:\/\/szentistvan.dnyem.hu\/wp-content\/uploads\/2019\/10\/IMG_20191024_162612-540x405.jpg 540w, https:\/\/szentistvan.dnyem.hu\/wp-content\/uploads\/2019\/10\/IMG_20191024_162612-768x576.jpg 768w, https:\/\/szentistvan.dnyem.hu\/wp-content\/uploads\/2019\/10\/IMG_20191024_162612-1218x914.jpg 1218w, https:\/\/szentistvan.dnyem.hu\/wp-content\/uploads\/2019\/10\/IMG_20191024_162612-480x360.jpg 480w\" sizes=\"(max-width: 1024px) 100vw, 1024px\" \/><figcaption>A j\u00e1tsz\u00f3asztal fels\u0151 r\u00e9sze. A kaviat\u00far\u00e1k felett a regiszterek h\u00e1rom csoportja: ped\u00e1l, I. manu\u00e1l, II. manu\u00e1l. K\u00f6z\u00f6tt\u00fck a k\u00e9t digit\u00e1lis kijelz\u0151. A billenty\u0171sor alatt a Setzer kombin\u00e1ci\u00f3 kezel\u0151szervei.<\/figcaption><\/figure>\n\n\n\n<figure class=\"wp-block-image\"><img loading=\"lazy\" width=\"1024\" height=\"768\" src=\"http:\/\/szentistvan.dnyem.hu\/wp-content\/uploads\/2019\/10\/IMG_20191024_162621-1024x768.jpg\" alt=\"\" class=\"wp-image-2883\" srcset=\"https:\/\/szentistvan.dnyem.hu\/wp-content\/uploads\/2019\/10\/IMG_20191024_162621-1024x768.jpg 1024w, https:\/\/szentistvan.dnyem.hu\/wp-content\/uploads\/2019\/10\/IMG_20191024_162621-540x405.jpg 540w, https:\/\/szentistvan.dnyem.hu\/wp-content\/uploads\/2019\/10\/IMG_20191024_162621-768x576.jpg 768w, https:\/\/szentistvan.dnyem.hu\/wp-content\/uploads\/2019\/10\/IMG_20191024_162621-1218x914.jpg 1218w, https:\/\/szentistvan.dnyem.hu\/wp-content\/uploads\/2019\/10\/IMG_20191024_162621-480x360.jpg 480w\" sizes=\"(max-width: 1024px) 100vw, 1024px\" \/><figcaption>A billenty\u0171k mellett jobb oldalon fel\u00fcl a Setzer l\u00e9ptet\u0151 a lapoz\u00f3nak, k\u00f6z\u00e9pen a j\u00e1t\u00e9k r\u00f6gz\u00edt\u00e9s \u00e9s visszaj\u00e1tsz\u00e1s kezel\u0151szervei, alul a pendrive-ra ment\u00e9st lehet\u0151v\u00e9 tev\u0151 USB aljzat \u00e9s kezel\u0151gombok. <\/figcaption><\/figure>\n\n\n\n<figure class=\"wp-block-image\"><img loading=\"lazy\" width=\"1024\" height=\"768\" src=\"http:\/\/szentistvan.dnyem.hu\/wp-content\/uploads\/2019\/10\/IMG_20191024_162630-1024x768.jpg\" alt=\"\" class=\"wp-image-2884\" srcset=\"https:\/\/szentistvan.dnyem.hu\/wp-content\/uploads\/2019\/10\/IMG_20191024_162630-1024x768.jpg 1024w, https:\/\/szentistvan.dnyem.hu\/wp-content\/uploads\/2019\/10\/IMG_20191024_162630-540x405.jpg 540w, https:\/\/szentistvan.dnyem.hu\/wp-content\/uploads\/2019\/10\/IMG_20191024_162630-768x576.jpg 768w, https:\/\/szentistvan.dnyem.hu\/wp-content\/uploads\/2019\/10\/IMG_20191024_162630-1218x914.jpg 1218w, https:\/\/szentistvan.dnyem.hu\/wp-content\/uploads\/2019\/10\/IMG_20191024_162630-480x360.jpg 480w\" sizes=\"(max-width: 1024px) 100vw, 1024px\" \/><figcaption>A II. manu\u00e1l regiszterkapcsol\u00f3i.<\/figcaption><\/figure>\n\n\n\n<figure class=\"wp-block-image\"><img loading=\"lazy\" width=\"1024\" height=\"768\" src=\"http:\/\/szentistvan.dnyem.hu\/wp-content\/uploads\/2019\/10\/IMG_20191024_162637-1024x768.jpg\" alt=\"\" class=\"wp-image-2885\" srcset=\"https:\/\/szentistvan.dnyem.hu\/wp-content\/uploads\/2019\/10\/IMG_20191024_162637-1024x768.jpg 1024w, https:\/\/szentistvan.dnyem.hu\/wp-content\/uploads\/2019\/10\/IMG_20191024_162637-540x405.jpg 540w, https:\/\/szentistvan.dnyem.hu\/wp-content\/uploads\/2019\/10\/IMG_20191024_162637-768x576.jpg 768w, https:\/\/szentistvan.dnyem.hu\/wp-content\/uploads\/2019\/10\/IMG_20191024_162637-1218x914.jpg 1218w, https:\/\/szentistvan.dnyem.hu\/wp-content\/uploads\/2019\/10\/IMG_20191024_162637-480x360.jpg 480w\" sizes=\"(max-width: 1024px) 100vw, 1024px\" \/><figcaption>A ped\u00e1l billenty\u0171k jelad\u00f3i fel\u00fcln\u00e9zetb\u0151l.<\/figcaption><\/figure>\n\n\n\n<figure class=\"wp-block-image\"><img loading=\"lazy\" width=\"768\" height=\"1024\" src=\"http:\/\/szentistvan.dnyem.hu\/wp-content\/uploads\/2019\/10\/IMG_20191024_162657-768x1024.jpg\" alt=\"\" class=\"wp-image-2886\" srcset=\"https:\/\/szentistvan.dnyem.hu\/wp-content\/uploads\/2019\/10\/IMG_20191024_162657-768x1024.jpg 768w, https:\/\/szentistvan.dnyem.hu\/wp-content\/uploads\/2019\/10\/IMG_20191024_162657-405x540.jpg 405w, https:\/\/szentistvan.dnyem.hu\/wp-content\/uploads\/2019\/10\/IMG_20191024_162657-1218x1624.jpg 1218w\" sizes=\"(max-width: 768px) 100vw, 768px\" \/><figcaption>A ped\u00e1l billenty\u0171k jelad\u00f3i oldaln\u00e9zetb\u0151l.<\/figcaption><\/figure>\n","protected":false},"excerpt":{"rendered":"<p>Orgon\u00e1nk fel\u00faj\u00edt\u00e1sa (t\u0151l\u00fcnk f\u00fcggetlen okok miatt) nem az el\u0151re tervezett \u00fctemben zajlik. De az, ami eddig elk\u00e9sz\u00fclt azt mutatja, hogy mire a fel\u00faj\u00edt\u00e1s v\u00e9get \u00e9r,&#8230;<\/p>\n","protected":false},"author":2,"featured_media":0,"comment_status":"closed","ping_status":"open","sticky":false,"template":"","format":"standard","meta":[],"categories":[5,1],"tags":[],"_links":{"self":[{"href":"https:\/\/szentistvan.dnyem.hu\/index.php?rest_route=\/wp\/v2\/posts\/2879"}],"collection":[{"href":"https:\/\/szentistvan.dnyem.hu\/index.php?rest_route=\/wp\/v2\/posts"}],"about":[{"href":"https:\/\/szentistvan.dnyem.hu\/index.php?rest_route=\/wp\/v2\/types\/post"}],"author":[{"embeddable":true,"href":"https:\/\/szentistvan.dnyem.hu\/index.php?rest_route=\/wp\/v2\/users\/2"}],"replies":[{"embeddable":true,"href":"https:\/\/szentistvan.dnyem.hu\/index.php?rest_route=%2Fwp%2Fv2%2Fcomments&post=2879"}],"version-history":[{"count":2,"href":"https:\/\/szentistvan.dnyem.hu\/index.php?rest_route=\/wp\/v2\/posts\/2879\/revisions"}],"predecessor-version":[{"id":2888,"href":"https:\/\/szentistvan.dnyem.hu\/index.php?rest_route=\/wp\/v2\/posts\/2879\/revisions\/2888"}],"wp:attachment":[{"href":"https:\/\/szentistvan.dnyem.hu\/index.php?rest_route=%2Fwp%2Fv2%2Fmedia&parent=2879"}],"wp:term":[{"taxonomy":"category","embeddable":true,"href":"https:\/\/szentistvan.dnyem.hu\/index.php?rest_route=%2Fwp%2Fv2%2Fcategories&post=2879"},{"taxonomy":"post_tag","embeddable":true,"href":"https:\/\/szentistvan.dnyem.hu\/index.php?rest_route=%2Fwp%2Fv2%2Ftags&post=2879"}],"curies":[{"name":"wp","href":"https:\/\/api.w.org\/{rel}","templated":true}]}}