{"id":2855,"date":"2019-10-21T10:51:55","date_gmt":"2019-10-21T08:51:55","guid":{"rendered":"http:\/\/szentistvan.dnyem.hu\/?p=2855"},"modified":"2019-10-21T10:51:55","modified_gmt":"2019-10-21T08:51:55","slug":"oraatallitas","status":"publish","type":"post","link":"https:\/\/szentistvan.dnyem.hu\/?p=2855","title":{"rendered":"\u00d3ra\u00e1t\u00e1ll\u00edt\u00e1s"},"content":{"rendered":"\n<p><strong>Okt\u00f3ber 27-\u00e9n, vas\u00e1rnap \u00f3ra\u00e1t\u00e1ll\u00edt\u00e1s lesz: hajnali h\u00e1rom \u00f3r\u00e1r\u00f3l kett\u0151 \u00f3r\u00e1ra \u00e1ll\u00edtjuk vissza az \u00f3r\u00e1inkat.<\/strong><\/p>\n","protected":false},"excerpt":{"rendered":"<p>Okt\u00f3ber 27-\u00e9n, vas\u00e1rnap \u00f3ra\u00e1t\u00e1ll\u00edt\u00e1s lesz: hajnali h\u00e1rom \u00f3r\u00e1r\u00f3l kett\u0151 \u00f3r\u00e1ra \u00e1ll\u00edtjuk vissza az \u00f3r\u00e1inkat.<\/p>\n","protected":false},"author":2,"featured_media":0,"comment_status":"closed","ping_status":"open","sticky":false,"template":"","format":"standard","meta":[],"categories":[1],"tags":[],"_links":{"self":[{"href":"https:\/\/szentistvan.dnyem.hu\/index.php?rest_route=\/wp\/v2\/posts\/2855"}],"collection":[{"href":"https:\/\/szentistvan.dnyem.hu\/index.php?rest_route=\/wp\/v2\/posts"}],"about":[{"href":"https:\/\/szentistvan.dnyem.hu\/index.php?rest_route=\/wp\/v2\/types\/post"}],"author":[{"embeddable":true,"href":"https:\/\/szentistvan.dnyem.hu\/index.php?rest_route=\/wp\/v2\/users\/2"}],"replies":[{"embeddable":true,"href":"https:\/\/szentistvan.dnyem.hu\/index.php?rest_route=%2Fwp%2Fv2%2Fcomments&post=2855"}],"version-history":[{"count":1,"href":"https:\/\/szentistvan.dnyem.hu\/index.php?rest_route=\/wp\/v2\/posts\/2855\/revisions"}],"predecessor-version":[{"id":2856,"href":"https:\/\/szentistvan.dnyem.hu\/index.php?rest_route=\/wp\/v2\/posts\/2855\/revisions\/2856"}],"wp:attachment":[{"href":"https:\/\/szentistvan.dnyem.hu\/index.php?rest_route=%2Fwp%2Fv2%2Fmedia&parent=2855"}],"wp:term":[{"taxonomy":"category","embeddable":true,"href":"https:\/\/szentistvan.dnyem.hu\/index.php?rest_route=%2Fwp%2Fv2%2Fcategories&post=2855"},{"taxonomy":"post_tag","embeddable":true,"href":"https:\/\/szentistvan.dnyem.hu\/index.php?rest_route=%2Fwp%2Fv2%2Ftags&post=2855"}],"curies":[{"name":"wp","href":"https:\/\/api.w.org\/{rel}","templated":true}]}}