{"id":2828,"date":"2019-10-06T15:15:58","date_gmt":"2019-10-06T13:15:58","guid":{"rendered":"http:\/\/szentistvan.dnyem.hu\/?p=2828"},"modified":"2019-10-06T15:37:17","modified_gmt":"2019-10-06T13:37:17","slug":"magyarok-nagyasszonya","status":"publish","type":"post","link":"https:\/\/szentistvan.dnyem.hu\/?p=2828","title":{"rendered":"Magyarok Nagyasszonya"},"content":{"rendered":"\n<p>Okt\u00f3ber 8-\u00e1n, kedden van <a href=\"https:\/\/archiv.katolikus.hu\/szentek\/1008.html\">Sz\u0171z M\u00e1ria, Magyarok Nagyasszonya<\/a> f\u0151\u00fcnnepe<\/p>\n","protected":false},"excerpt":{"rendered":"<p>Okt\u00f3ber 8-\u00e1n, kedden van Sz\u0171z M\u00e1ria, Magyarok Nagyasszonya f\u0151\u00fcnnepe<\/p>\n","protected":false},"author":2,"featured_media":0,"comment_status":"closed","ping_status":"open","sticky":false,"template":"","format":"standard","meta":[],"categories":[1,9],"tags":[],"_links":{"self":[{"href":"https:\/\/szentistvan.dnyem.hu\/index.php?rest_route=\/wp\/v2\/posts\/2828"}],"collection":[{"href":"https:\/\/szentistvan.dnyem.hu\/index.php?rest_route=\/wp\/v2\/posts"}],"about":[{"href":"https:\/\/szentistvan.dnyem.hu\/index.php?rest_route=\/wp\/v2\/types\/post"}],"author":[{"embeddable":true,"href":"https:\/\/szentistvan.dnyem.hu\/index.php?rest_route=\/wp\/v2\/users\/2"}],"replies":[{"embeddable":true,"href":"https:\/\/szentistvan.dnyem.hu\/index.php?rest_route=%2Fwp%2Fv2%2Fcomments&post=2828"}],"version-history":[{"count":1,"href":"https:\/\/szentistvan.dnyem.hu\/index.php?rest_route=\/wp\/v2\/posts\/2828\/revisions"}],"predecessor-version":[{"id":2829,"href":"https:\/\/szentistvan.dnyem.hu\/index.php?rest_route=\/wp\/v2\/posts\/2828\/revisions\/2829"}],"wp:attachment":[{"href":"https:\/\/szentistvan.dnyem.hu\/index.php?rest_route=%2Fwp%2Fv2%2Fmedia&parent=2828"}],"wp:term":[{"taxonomy":"category","embeddable":true,"href":"https:\/\/szentistvan.dnyem.hu\/index.php?rest_route=%2Fwp%2Fv2%2Fcategories&post=2828"},{"taxonomy":"post_tag","embeddable":true,"href":"https:\/\/szentistvan.dnyem.hu\/index.php?rest_route=%2Fwp%2Fv2%2Ftags&post=2828"}],"curies":[{"name":"wp","href":"https:\/\/api.w.org\/{rel}","templated":true}]}}