{"id":2815,"date":"2019-09-22T16:20:55","date_gmt":"2019-09-22T14:20:55","guid":{"rendered":"http:\/\/szentistvan.dnyem.hu\/?p=2815"},"modified":"2019-09-22T16:20:55","modified_gmt":"2019-09-22T14:20:55","slug":"jatekos-nyilt-nap-a-svetitsben","status":"publish","type":"post","link":"https:\/\/szentistvan.dnyem.hu\/?p=2815","title":{"rendered":"J\u00e1t\u00e9kos ny\u00edlt nap a Svetitsben"},"content":{"rendered":"\n<p> <strong>A Svetits Katolikus Gimn\u00e1zium, 2019. szeptember 28-\u00e1n, szombaton reggel 09:00 \u00e9s 12:00 k\u00f6z\u00f6tt j\u00e1t\u00e9kos ny\u00edlt napra v\u00e1rja a 6. \u00e9s 8. oszt\u00e1lyosokat, illetve azokat is, akik szeretn\u00e9nek az iskol\u00e1ba beiratkozni. <\/strong><\/p>\n","protected":false},"excerpt":{"rendered":"<p>A Svetits Katolikus Gimn\u00e1zium, 2019. szeptember 28-\u00e1n, szombaton reggel 09:00 \u00e9s 12:00 k\u00f6z\u00f6tt j\u00e1t\u00e9kos ny\u00edlt napra v\u00e1rja a 6. \u00e9s 8. oszt\u00e1lyosokat, illetve azokat is,&#8230;<\/p>\n","protected":false},"author":2,"featured_media":0,"comment_status":"closed","ping_status":"open","sticky":false,"template":"","format":"standard","meta":[],"categories":[1,2],"tags":[],"_links":{"self":[{"href":"https:\/\/szentistvan.dnyem.hu\/index.php?rest_route=\/wp\/v2\/posts\/2815"}],"collection":[{"href":"https:\/\/szentistvan.dnyem.hu\/index.php?rest_route=\/wp\/v2\/posts"}],"about":[{"href":"https:\/\/szentistvan.dnyem.hu\/index.php?rest_route=\/wp\/v2\/types\/post"}],"author":[{"embeddable":true,"href":"https:\/\/szentistvan.dnyem.hu\/index.php?rest_route=\/wp\/v2\/users\/2"}],"replies":[{"embeddable":true,"href":"https:\/\/szentistvan.dnyem.hu\/index.php?rest_route=%2Fwp%2Fv2%2Fcomments&post=2815"}],"version-history":[{"count":1,"href":"https:\/\/szentistvan.dnyem.hu\/index.php?rest_route=\/wp\/v2\/posts\/2815\/revisions"}],"predecessor-version":[{"id":2816,"href":"https:\/\/szentistvan.dnyem.hu\/index.php?rest_route=\/wp\/v2\/posts\/2815\/revisions\/2816"}],"wp:attachment":[{"href":"https:\/\/szentistvan.dnyem.hu\/index.php?rest_route=%2Fwp%2Fv2%2Fmedia&parent=2815"}],"wp:term":[{"taxonomy":"category","embeddable":true,"href":"https:\/\/szentistvan.dnyem.hu\/index.php?rest_route=%2Fwp%2Fv2%2Fcategories&post=2815"},{"taxonomy":"post_tag","embeddable":true,"href":"https:\/\/szentistvan.dnyem.hu\/index.php?rest_route=%2Fwp%2Fv2%2Ftags&post=2815"}],"curies":[{"name":"wp","href":"https:\/\/api.w.org\/{rel}","templated":true}]}}