{"id":2748,"date":"2019-08-11T15:01:40","date_gmt":"2019-08-11T13:01:40","guid":{"rendered":"http:\/\/szentistvan.dnyem.hu\/?p=2748"},"modified":"2019-08-11T15:01:40","modified_gmt":"2019-08-11T13:01:40","slug":"nagyboldogasszony-2","status":"publish","type":"post","link":"https:\/\/szentistvan.dnyem.hu\/?p=2748","title":{"rendered":"Nagyboldogasszony"},"content":{"rendered":"\n<p>Cs\u00fct\u00f6rt\u00f6k\u00f6n, augusztus 15-\u00e9n lesz <a href=\"http:\/\/lexikon.katolikus.hu\/N\/Nagyboldogasszony.html\">M\u00e1ria mennybev\u00e9tel\u00e9nek<\/a> az \u00fcnnepe. Szerd\u00e1n, augusztus 14-\u00e9n az esti szentmise a f\u0151\u00fcnnep el\u0151esti szentmis\u00e9je lesz. Cs\u00fct\u00f6rt\u00f6k\u00f6n pedig d\u00e9lel\u0151tt 9:30-t\u00f3l kezd\u0151dik az \u00fcnnepi szentmise.<\/p>\n\n\n\n<p>Szeretettel h\u00edvom \u00e9s v\u00e1rom a kedves testv\u00e9reket!<\/p>\n","protected":false},"excerpt":{"rendered":"<p>Cs\u00fct\u00f6rt\u00f6k\u00f6n, augusztus 15-\u00e9n lesz M\u00e1ria mennybev\u00e9tel\u00e9nek az \u00fcnnepe. Szerd\u00e1n, augusztus 14-\u00e9n az esti szentmise a f\u0151\u00fcnnep el\u0151esti szentmis\u00e9je lesz. Cs\u00fct\u00f6rt\u00f6k\u00f6n pedig d\u00e9lel\u0151tt 9:30-t\u00f3l kezd\u0151dik az&#8230;<\/p>\n","protected":false},"author":2,"featured_media":0,"comment_status":"closed","ping_status":"open","sticky":false,"template":"","format":"standard","meta":[],"categories":[9,2],"tags":[],"_links":{"self":[{"href":"https:\/\/szentistvan.dnyem.hu\/index.php?rest_route=\/wp\/v2\/posts\/2748"}],"collection":[{"href":"https:\/\/szentistvan.dnyem.hu\/index.php?rest_route=\/wp\/v2\/posts"}],"about":[{"href":"https:\/\/szentistvan.dnyem.hu\/index.php?rest_route=\/wp\/v2\/types\/post"}],"author":[{"embeddable":true,"href":"https:\/\/szentistvan.dnyem.hu\/index.php?rest_route=\/wp\/v2\/users\/2"}],"replies":[{"embeddable":true,"href":"https:\/\/szentistvan.dnyem.hu\/index.php?rest_route=%2Fwp%2Fv2%2Fcomments&post=2748"}],"version-history":[{"count":1,"href":"https:\/\/szentistvan.dnyem.hu\/index.php?rest_route=\/wp\/v2\/posts\/2748\/revisions"}],"predecessor-version":[{"id":2749,"href":"https:\/\/szentistvan.dnyem.hu\/index.php?rest_route=\/wp\/v2\/posts\/2748\/revisions\/2749"}],"wp:attachment":[{"href":"https:\/\/szentistvan.dnyem.hu\/index.php?rest_route=%2Fwp%2Fv2%2Fmedia&parent=2748"}],"wp:term":[{"taxonomy":"category","embeddable":true,"href":"https:\/\/szentistvan.dnyem.hu\/index.php?rest_route=%2Fwp%2Fv2%2Fcategories&post=2748"},{"taxonomy":"post_tag","embeddable":true,"href":"https:\/\/szentistvan.dnyem.hu\/index.php?rest_route=%2Fwp%2Fv2%2Ftags&post=2748"}],"curies":[{"name":"wp","href":"https:\/\/api.w.org\/{rel}","templated":true}]}}