{"id":2735,"date":"2019-07-29T23:41:24","date_gmt":"2019-07-29T21:41:24","guid":{"rendered":"http:\/\/szentistvan.dnyem.hu\/?p=2735"},"modified":"2019-07-29T23:41:24","modified_gmt":"2019-07-29T21:41:24","slug":"karl-rahner-imadsag-a-papnovendekekert","status":"publish","type":"post","link":"https:\/\/szentistvan.dnyem.hu\/?p=2735","title":{"rendered":"Karl Rahner: Im\u00e1ds\u00e1g a papn\u00f6vend\u00e9kek\u00e9rt"},"content":{"rendered":"\n<p>Urunk. J\u00e9zus Krisztus, az Aty\u00e1nak Fia, \u00f6r\u00f6k F\u0151papunk, te h\u00edvtad \u0151ket szolg\u00e1latodra. Te sz\u00f3lt\u00e1l hozz\u00e1juk: J\u00f6jj, k\u00f6vess engem! Saj\u00e1t paps\u00e1goddal akarod megaj\u00e1nd\u00e9kozni \u0151ket. A te nevedben, k\u00fcldet\u00e9sedben, Lelked erej\u00e9ben kell majd elmenni\u00fck \u00e9s gy\u00fcm\u00f6lcs\u00f6t teremni\u00fck. K\u00e9r\u00fcnk t\u00e9ged, add meg nekik m\u00e1r most h\u00e9taj\u00e1nd\u00e9k\u00fa Lelkedet: a b\u00f6lcsess\u00e9g \u00e9s az \u00e9rtelem a tudom\u00e1ny \u00e9s a j\u00e1mbors\u00e1g, a tan\u00e1cs \u00e9s az er\u0151ss\u00e9g, \u00e9s az istenf\u00e9lelem Lelk\u00e9t, hogy majd igazi papi emberr\u00e9 legyenek. Add, hogy vid\u00e1mak \u00e9s b\u00e1trak legyenek. Adj nekik j\u00f3s\u00e1ggal, \u00f6nzetlens\u00e9ggel \u00e9s al\u00e1zattal telt sz\u00edvet. Legyenek j\u00f3zanok \u00e9s \u00e9berek, egyenesek \u00e9s fegyelmezettek, kitart\u00f3k \u00e9s dolgosak, szer\u00e9nyek \u00e9s nagylelk\u0171ek. Adj nekik nagy szeretetet ir\u00e1ntad. Te \u00e9lj benn\u00fck, te l\u00e9gy sz\u00edv\u00fck k\u00f6zpontja \u00e9s \u00e9let\u00fck egyed\u00fcli t\u00f6rv\u00e9nye. Veled \u00e9s benned im\u00e1dkozzanak, veled legyen \u00e9let\u00fck elrejtve az Istenben. Add, hogy sz\u00edvesen besz\u00e9lgessenek az Istennel, sz\u00edv\u00f3san kitartsanak a tanul\u00e1s napi munk\u00e1j\u00e1ban, k\u00e9szs\u00e9gesek legyenek sz\u00edv\u00fck \u00e9s szellem\u00fck sokoldal\u00fa kik\u00e9pz\u00e9s\u00e9ben. Mindenekel\u0151tt pedig add meg nekik m\u00e1r most a te papi lelk\u00fcletedet: az \u00e1ldozat szellem\u00e9t, a b\u00e1tors\u00e1g szellem\u00e9t; hogy hirdess\u00e9k igazs\u00e1godat \u00e9s kegyelmedet, ak\u00e1r alkalmas, ak\u00e1r alkalmatlan, hirdess\u00e9k a f\u00e1radhatatlan szeretetet az emberek ir\u00e1nt, akik\u00e9rt a kereszten meghalt\u00e1l. Engedd, hogy m\u00e1r most \u00e9lj\u00e9k is azt, amit hirdetni fognak. Engedd, hogy eggy\u00e9 forrjanak veled, akit majd egyszer a kez\u00fckben tartanak. Engedd, hogy a L\u00e9lek vez\u00e9relje \u00e9s t\u00f6ltse el \u0151ket, akit majd osztogatnak. J\u00e9zus, \u00f6r\u00f6k F\u0151papunk, az Atya im\u00e1d\u00f3ja, te, az els\u0151sz\u00fcl\u00f6tt a sok testv\u00e9r k\u00f6z\u00f6tt, aki az Atya emberr\u00e9 lett szeretete \u00e9s igazs\u00e1ga vagy, a vil\u00e1g sz\u00edve, Isten k\u00f6ny\u00f6r\u00fclete, b\u00edr\u00e1nk \u00e9s \u00e9let\u00fcnk Ura: te h\u00edvtad el \u0151ket, \u00e9s nem b\u00e1nod meg adom\u00e1nyaidat, mert minden szavad ,,igen&#8221;. B\u00edzunk benned, h\u0171s\u00e9ges Isten\u00fcnk, hogy ezek, a te szolg\u00e1id kegyelmedb\u0151l papok lesznek. Add, hogy t\u00e1g sz\u00edvvel fussanak parancsolataid \u00fatj\u00e1n, hogy kez\u00fcket az ek\u00e9re tegy\u00e9k, \u00e9s ne n\u00e9zzenek h\u00e1tra, hogy a te er\u0151dben c\u00e9lhoz \u00e9rjenek, r\u00e1d tal\u00e1ljanak \u00e9s mint papok szolg\u00e1lhassanak. H\u00e1l\u00e1b\u00f3l pedig sz\u00edv\u00fcket adj\u00e1k neked \u00e9s mindazokat a lelkeket, akiket \u00f6r\u00f6k szereteted orsz\u00e1g\u00e1ba juttatnak. \u00c1men.<\/p>\n\n\n\n<p>(forr\u00e1s: <a href=\"https:\/\/www.plebania.net\/hittanterem\/?op=view&amp;k_id=151)\">https:\/\/www.plebania.net\/hittanterem\/?op=view&amp;k_id=151)<\/a> <\/p>\n","protected":false},"excerpt":{"rendered":"<p>Urunk. J\u00e9zus Krisztus, az Aty\u00e1nak Fia, \u00f6r\u00f6k F\u0151papunk, te h\u00edvtad \u0151ket szolg\u00e1latodra. Te sz\u00f3lt\u00e1l hozz\u00e1juk: J\u00f6jj, k\u00f6vess engem! Saj\u00e1t paps\u00e1goddal akarod megaj\u00e1nd\u00e9kozni \u0151ket. A te&#8230;<\/p>\n","protected":false},"author":2,"featured_media":0,"comment_status":"closed","ping_status":"open","sticky":false,"template":"","format":"standard","meta":[],"categories":[9],"tags":[],"_links":{"self":[{"href":"https:\/\/szentistvan.dnyem.hu\/index.php?rest_route=\/wp\/v2\/posts\/2735"}],"collection":[{"href":"https:\/\/szentistvan.dnyem.hu\/index.php?rest_route=\/wp\/v2\/posts"}],"about":[{"href":"https:\/\/szentistvan.dnyem.hu\/index.php?rest_route=\/wp\/v2\/types\/post"}],"author":[{"embeddable":true,"href":"https:\/\/szentistvan.dnyem.hu\/index.php?rest_route=\/wp\/v2\/users\/2"}],"replies":[{"embeddable":true,"href":"https:\/\/szentistvan.dnyem.hu\/index.php?rest_route=%2Fwp%2Fv2%2Fcomments&post=2735"}],"version-history":[{"count":1,"href":"https:\/\/szentistvan.dnyem.hu\/index.php?rest_route=\/wp\/v2\/posts\/2735\/revisions"}],"predecessor-version":[{"id":2736,"href":"https:\/\/szentistvan.dnyem.hu\/index.php?rest_route=\/wp\/v2\/posts\/2735\/revisions\/2736"}],"wp:attachment":[{"href":"https:\/\/szentistvan.dnyem.hu\/index.php?rest_route=%2Fwp%2Fv2%2Fmedia&parent=2735"}],"wp:term":[{"taxonomy":"category","embeddable":true,"href":"https:\/\/szentistvan.dnyem.hu\/index.php?rest_route=%2Fwp%2Fv2%2Fcategories&post=2735"},{"taxonomy":"post_tag","embeddable":true,"href":"https:\/\/szentistvan.dnyem.hu\/index.php?rest_route=%2Fwp%2Fv2%2Ftags&post=2735"}],"curies":[{"name":"wp","href":"https:\/\/api.w.org\/{rel}","templated":true}]}}