{"id":2733,"date":"2019-07-29T23:38:36","date_gmt":"2019-07-29T21:38:36","guid":{"rendered":"http:\/\/szentistvan.dnyem.hu\/?p=2733"},"modified":"2019-07-29T23:38:36","modified_gmt":"2019-07-29T21:38:36","slug":"vi-pal-papa-imaja-a-papi-hivatasokert","status":"publish","type":"post","link":"https:\/\/szentistvan.dnyem.hu\/?p=2733","title":{"rendered":"VI. P\u00e1l p\u00e1pa im\u00e1ja a papi hivat\u00e1sok\u00e9rt"},"content":{"rendered":"\n<p> J\u00e9zusom, lelkek isteni P\u00e1sztora,<br> ki apostolaidat megh\u00edvtad \u00e9s a lelkek hal\u00e1szaiv\u00e1 tetted \u0151ket:<br> vond magadhoz a buzg\u00f3 \u00e9s nemes ifj\u00fa lelkeket is,<br> hogy tan\u00edtv\u00e1nyaidd\u00e1 \u00e9s seg\u00edt\u0151idd\u00e9 v\u00e1ljanak.<br> Add, hogy \u00e9rezz\u00e9k a vil\u00e1g \u00fcdv\u00f6z\u00edt\u00e9se ut\u00e1ni szomjadat,<br> ami\u00e9rt folyton meg\u00faj\u00edtod papjaidnak keze \u00e1ltal \u00e1ldozatodat olt\u00e1rainkon.<br> Add, hogy min\u00e9l t\u00f6bben k\u00f6vess\u00e9k h\u00edv\u00f3 szavadat,<br> folytass\u00e1k m\u0171vedet a f\u00f6ld\u00f6n,<br> \u00e9p\u00edts\u00e9k Titokzatos Testedet, az Egyh\u00e1zat.<br> Add, hogy Egyh\u00e1zad a f\u00f6ld s\u00f3ja \u00e9s a vil\u00e1g vil\u00e1goss\u00e1ga legyen.<br> Amen.<\/p>\n\n\n\n<p>(forr\u00e1s: <a href=\"https:\/\/www.plebania.net\/hittanterem\/?op=view&amp;k_id=539)\">https:\/\/www.plebania.net\/hittanterem\/?op=view&amp;k_id=539)<\/a><\/p>\n","protected":false},"excerpt":{"rendered":"<p>J\u00e9zusom, lelkek isteni P\u00e1sztora, ki apostolaidat megh\u00edvtad \u00e9s a lelkek hal\u00e1szaiv\u00e1 tetted \u0151ket: vond magadhoz a buzg\u00f3 \u00e9s nemes ifj\u00fa lelkeket is, hogy tan\u00edtv\u00e1nyaidd\u00e1 \u00e9s&#8230;<\/p>\n","protected":false},"author":2,"featured_media":0,"comment_status":"closed","ping_status":"open","sticky":false,"template":"","format":"standard","meta":[],"categories":[9],"tags":[],"_links":{"self":[{"href":"https:\/\/szentistvan.dnyem.hu\/index.php?rest_route=\/wp\/v2\/posts\/2733"}],"collection":[{"href":"https:\/\/szentistvan.dnyem.hu\/index.php?rest_route=\/wp\/v2\/posts"}],"about":[{"href":"https:\/\/szentistvan.dnyem.hu\/index.php?rest_route=\/wp\/v2\/types\/post"}],"author":[{"embeddable":true,"href":"https:\/\/szentistvan.dnyem.hu\/index.php?rest_route=\/wp\/v2\/users\/2"}],"replies":[{"embeddable":true,"href":"https:\/\/szentistvan.dnyem.hu\/index.php?rest_route=%2Fwp%2Fv2%2Fcomments&post=2733"}],"version-history":[{"count":1,"href":"https:\/\/szentistvan.dnyem.hu\/index.php?rest_route=\/wp\/v2\/posts\/2733\/revisions"}],"predecessor-version":[{"id":2734,"href":"https:\/\/szentistvan.dnyem.hu\/index.php?rest_route=\/wp\/v2\/posts\/2733\/revisions\/2734"}],"wp:attachment":[{"href":"https:\/\/szentistvan.dnyem.hu\/index.php?rest_route=%2Fwp%2Fv2%2Fmedia&parent=2733"}],"wp:term":[{"taxonomy":"category","embeddable":true,"href":"https:\/\/szentistvan.dnyem.hu\/index.php?rest_route=%2Fwp%2Fv2%2Fcategories&post=2733"},{"taxonomy":"post_tag","embeddable":true,"href":"https:\/\/szentistvan.dnyem.hu\/index.php?rest_route=%2Fwp%2Fv2%2Ftags&post=2733"}],"curies":[{"name":"wp","href":"https:\/\/api.w.org\/{rel}","templated":true}]}}