{"id":2726,"date":"2019-07-22T15:36:49","date_gmt":"2019-07-22T13:36:49","guid":{"rendered":"http:\/\/szentistvan.dnyem.hu\/?p=2726"},"modified":"2019-07-22T15:36:49","modified_gmt":"2019-07-22T13:36:49","slug":"egyhazmegyei-zarandoklat-gyalog","status":"publish","type":"post","link":"https:\/\/szentistvan.dnyem.hu\/?p=2726","title":{"rendered":"Egyh\u00e1zmegyei zar\u00e1ndoklat gyalog"},"content":{"rendered":"\n<p> Id\u00e9n is szerveznek gyalogos zar\u00e1ndoklatot M\u00e1riap\u00f3csra, amelyre szeretettel h\u00edvnak \u00e9s v\u00e1rnak benn\u00fcnket. A r\u00e9szletes inform\u00e1ci\u00f3k:<\/p>\n\n\n\n<p><strong>J\u00falius\n26., p\u00e9ntek&nbsp; <\/strong><\/p>\n\n\n\n<p><strong>Tal\u00e1lkoz\u00f3\n5:45-kor a Szent Anna-sz\u00e9kesegyh\u00e1z el\u0151tt<\/strong> <\/p>\n\n\n\n<p>R\u00f6vid im\u00e1ds\u00e1g ut\u00e1n gyalog\nmegy\u00fcnk az Attila t\u00e9rig, ott buszra sz\u00e1llunk \u00e9s Hal\u00e1pt\u00f3l folytatjuk az utat az\nerd\u0151n \u00e1t. \u00c9rkez\u00e9s k\u00e9s\u0151 d\u00e9lut\u00e1n Ny\u00edradonyba. Szentmise, k\u00f6z\u00f6s vacsora. Sz\u00e1ll\u00e1s\naz iskola tornaterm\u00e9ben.&nbsp; <\/p>\n\n\n\n<p><strong>J\u00falius\n27., szombat&nbsp; <\/strong><\/p>\n\n\n\n<p>Indul\u00e1s Ny\u00edradonyb\u00f3l Ny\u00edrmih\u00e1lydin\n\u00e1t, Ny\u00edrgels\u00e9n d\u00e9li pihen\u0151 a templomkertben. D\u00e9lut\u00e1n \u00e9rkez\u00fcnk M\u00e1riap\u00f3csra. Sz\u00e1ll\u00e1s\na kegytemplomhoz k\u00f6zel, mag\u00e1nh\u00e1zn\u00e1l. R\u00e9szt vesz\u00fcnk a kegytemplomban az esti\nim\u00e1ds\u00e1gon.<\/p>\n\n\n\n<p><strong>J\u00falius\n28. vas\u00e1rnap<\/strong> <\/p>\n\n\n\n<p>R\u00e9szv\u00e9tel a\nDebrecen-Ny\u00edregyh\u00e1zi Egyh\u00e1zmegye b\u00facs\u00faj\u00e1n. Hazautaz\u00e1s egy\u00e9nileg.<\/p>\n\n\n\n<p><strong>Tudnival\u00f3k:<\/strong><\/p>\n\n\n\n<p>A napi t\u00e1v 25-30 km,\nerd\u0151s ter\u00fcleten, kis r\u00e9sze aszfalton. Erd\u0151ben lehetnek s\u00e1ros r\u00e9szek, ez\u00e9rt\naj\u00e1nlott a t\u00farabakancs. Az a tapasztalat, hogy es\u0151re, h\u0151s\u00e9gre egyar\u00e1nt k\u00e9sz\u00fclni\nkell: sapka, kalap, es\u0151kab\u00e1t. <\/p>\n\n\n\n<p>\u00c1gynem\u0171t nem kapunk,\nh\u00e1l\u00f3zs\u00e1kot vagy pl\u00e9det mindenki hozzon. Ennival\u00f3r\u00f3l mindenki maga gondoskodik,\nNy\u00edradonyban a k\u00f6zeli \u00e9lelmiszerboltban napi \u00e9lelmiszer v\u00e1s\u00e1rolhat\u00f3. M\u00e1riap\u00f3cson\nvacsora, reggeli, eb\u00e9d k\u00e9rhet\u0151, el\u0151re kell rendelni. <\/p>\n\n\n\n<p><strong>Jelentkez\u00e9s<\/strong>\n\u00e9s b\u0151vebb inform\u00e1ci\u00f3: Ill\u00e9s Gy\u00f6rgy +36 70&nbsp;945 5171<\/p>\n","protected":false},"excerpt":{"rendered":"<p>Id\u00e9n is szerveznek gyalogos zar\u00e1ndoklatot M\u00e1riap\u00f3csra, amelyre szeretettel h\u00edvnak \u00e9s v\u00e1rnak benn\u00fcnket. A r\u00e9szletes inform\u00e1ci\u00f3k: J\u00falius 26., p\u00e9ntek&nbsp; Tal\u00e1lkoz\u00f3 5:45-kor a Szent Anna-sz\u00e9kesegyh\u00e1z el\u0151tt R\u00f6vid&#8230;<\/p>\n","protected":false},"author":2,"featured_media":0,"comment_status":"closed","ping_status":"open","sticky":false,"template":"","format":"standard","meta":[],"categories":[1,9,2],"tags":[],"_links":{"self":[{"href":"https:\/\/szentistvan.dnyem.hu\/index.php?rest_route=\/wp\/v2\/posts\/2726"}],"collection":[{"href":"https:\/\/szentistvan.dnyem.hu\/index.php?rest_route=\/wp\/v2\/posts"}],"about":[{"href":"https:\/\/szentistvan.dnyem.hu\/index.php?rest_route=\/wp\/v2\/types\/post"}],"author":[{"embeddable":true,"href":"https:\/\/szentistvan.dnyem.hu\/index.php?rest_route=\/wp\/v2\/users\/2"}],"replies":[{"embeddable":true,"href":"https:\/\/szentistvan.dnyem.hu\/index.php?rest_route=%2Fwp%2Fv2%2Fcomments&post=2726"}],"version-history":[{"count":1,"href":"https:\/\/szentistvan.dnyem.hu\/index.php?rest_route=\/wp\/v2\/posts\/2726\/revisions"}],"predecessor-version":[{"id":2727,"href":"https:\/\/szentistvan.dnyem.hu\/index.php?rest_route=\/wp\/v2\/posts\/2726\/revisions\/2727"}],"wp:attachment":[{"href":"https:\/\/szentistvan.dnyem.hu\/index.php?rest_route=%2Fwp%2Fv2%2Fmedia&parent=2726"}],"wp:term":[{"taxonomy":"category","embeddable":true,"href":"https:\/\/szentistvan.dnyem.hu\/index.php?rest_route=%2Fwp%2Fv2%2Fcategories&post=2726"},{"taxonomy":"post_tag","embeddable":true,"href":"https:\/\/szentistvan.dnyem.hu\/index.php?rest_route=%2Fwp%2Fv2%2Ftags&post=2726"}],"curies":[{"name":"wp","href":"https:\/\/api.w.org\/{rel}","templated":true}]}}