{"id":2715,"date":"2019-07-14T20:39:43","date_gmt":"2019-07-14T18:39:43","guid":{"rendered":"http:\/\/szentistvan.dnyem.hu\/?p=2715"},"modified":"2019-07-22T14:03:38","modified_gmt":"2019-07-22T12:03:38","slug":"egyhazmegyei-zarandoklat","status":"publish","type":"post","link":"https:\/\/szentistvan.dnyem.hu\/?p=2715","title":{"rendered":"Egyh\u00e1zmegyei zar\u00e1ndoklat busszal"},"content":{"rendered":"\n<p><strong>A Debrecen-Ny\u00edregyh\u00e1zi Egyh\u00e1zmegye j\u00falius utols\u00f3 vas\u00e1rnapj\u00e1n (28-\u00e1n) ism\u00e9t zar\u00e1ndoklatot szervez M\u00e1riap\u00f3csra.<\/strong><\/p>\n\n\n\n<p><strong>Az egyh\u00e1zk\u00f6zs\u00e9gb\u0151l aut\u00f3buszt ind\u00edtunk<\/strong>, amely <strong>reggel 7:00-kor indul a Szenczi Moln\u00e1r Albert utc\u00e1r\u00f3l, az orvosi rendel\u0151 el\u0151l. A zar\u00e1ndoklat k\u00f6lts\u00e9ge 2500 Ft lesz<\/strong>. <\/p>\n\n\n\n<p>Templomunkban aznap <strong>a szentmise, ez\u00e9rt este 18:00-kor fog kezd\u0151dni<\/strong>, el\u0151tte a megszokott m\u00f3don r\u00f3zsaf\u00fcz\u00e9r im\u00e1ds\u00e1g lesz. <strong>Aznap d\u00e9lel\u0151tt emiatt nem lesz templomunkban szentmise.<\/strong><\/p>\n","protected":false},"excerpt":{"rendered":"<p>A Debrecen-Ny\u00edregyh\u00e1zi Egyh\u00e1zmegye j\u00falius utols\u00f3 vas\u00e1rnapj\u00e1n (28-\u00e1n) ism\u00e9t zar\u00e1ndoklatot szervez M\u00e1riap\u00f3csra. Az egyh\u00e1zk\u00f6zs\u00e9gb\u0151l aut\u00f3buszt ind\u00edtunk, amely reggel 7:00-kor indul a Szenczi Moln\u00e1r Albert utc\u00e1r\u00f3l, az&#8230;<\/p>\n","protected":false},"author":2,"featured_media":0,"comment_status":"closed","ping_status":"open","sticky":false,"template":"","format":"standard","meta":[],"categories":[1,9,2],"tags":[],"_links":{"self":[{"href":"https:\/\/szentistvan.dnyem.hu\/index.php?rest_route=\/wp\/v2\/posts\/2715"}],"collection":[{"href":"https:\/\/szentistvan.dnyem.hu\/index.php?rest_route=\/wp\/v2\/posts"}],"about":[{"href":"https:\/\/szentistvan.dnyem.hu\/index.php?rest_route=\/wp\/v2\/types\/post"}],"author":[{"embeddable":true,"href":"https:\/\/szentistvan.dnyem.hu\/index.php?rest_route=\/wp\/v2\/users\/2"}],"replies":[{"embeddable":true,"href":"https:\/\/szentistvan.dnyem.hu\/index.php?rest_route=%2Fwp%2Fv2%2Fcomments&post=2715"}],"version-history":[{"count":2,"href":"https:\/\/szentistvan.dnyem.hu\/index.php?rest_route=\/wp\/v2\/posts\/2715\/revisions"}],"predecessor-version":[{"id":2723,"href":"https:\/\/szentistvan.dnyem.hu\/index.php?rest_route=\/wp\/v2\/posts\/2715\/revisions\/2723"}],"wp:attachment":[{"href":"https:\/\/szentistvan.dnyem.hu\/index.php?rest_route=%2Fwp%2Fv2%2Fmedia&parent=2715"}],"wp:term":[{"taxonomy":"category","embeddable":true,"href":"https:\/\/szentistvan.dnyem.hu\/index.php?rest_route=%2Fwp%2Fv2%2Fcategories&post=2715"},{"taxonomy":"post_tag","embeddable":true,"href":"https:\/\/szentistvan.dnyem.hu\/index.php?rest_route=%2Fwp%2Fv2%2Ftags&post=2715"}],"curies":[{"name":"wp","href":"https:\/\/api.w.org\/{rel}","templated":true}]}}