{"id":2712,"date":"2019-07-14T20:25:12","date_gmt":"2019-07-14T18:25:12","guid":{"rendered":"http:\/\/szentistvan.dnyem.hu\/?p=2712"},"modified":"2019-07-14T20:25:12","modified_gmt":"2019-07-14T18:25:12","slug":"celgyujtes","status":"publish","type":"post","link":"https:\/\/szentistvan.dnyem.hu\/?p=2712","title":{"rendered":"C\u00e9lgy\u0171jt\u00e9s"},"content":{"rendered":"\n<p><strong>J\u00falius 14-\u00e9n, vas\u00e1rnap, p\u00fcsp\u00f6k atya rendelkez\u00e9se \u00e9rtelm\u00e9ben c\u00e9lgy\u0171jt\u00e9st tartunk a vihark\u00e1rok ut\u00e1ni helyre\u00e1ll\u00edt\u00e1si munk\u00e1latok t\u00e1mogat\u00e1s\u00e1ra. <\/strong><\/p>\n\n\n\n<p><strong>K\u00f6sz\u00f6nj\u00fck a kedves testv\u00e9rek adom\u00e1nyait<\/strong><\/p>\n","protected":false},"excerpt":{"rendered":"<p>J\u00falius 14-\u00e9n, vas\u00e1rnap, p\u00fcsp\u00f6k atya rendelkez\u00e9se \u00e9rtelm\u00e9ben c\u00e9lgy\u0171jt\u00e9st tartunk a vihark\u00e1rok ut\u00e1ni helyre\u00e1ll\u00edt\u00e1si munk\u00e1latok t\u00e1mogat\u00e1s\u00e1ra. K\u00f6sz\u00f6nj\u00fck a kedves testv\u00e9rek adom\u00e1nyait<\/p>\n","protected":false},"author":2,"featured_media":0,"comment_status":"closed","ping_status":"open","sticky":false,"template":"","format":"standard","meta":[],"categories":[1,2],"tags":[],"_links":{"self":[{"href":"https:\/\/szentistvan.dnyem.hu\/index.php?rest_route=\/wp\/v2\/posts\/2712"}],"collection":[{"href":"https:\/\/szentistvan.dnyem.hu\/index.php?rest_route=\/wp\/v2\/posts"}],"about":[{"href":"https:\/\/szentistvan.dnyem.hu\/index.php?rest_route=\/wp\/v2\/types\/post"}],"author":[{"embeddable":true,"href":"https:\/\/szentistvan.dnyem.hu\/index.php?rest_route=\/wp\/v2\/users\/2"}],"replies":[{"embeddable":true,"href":"https:\/\/szentistvan.dnyem.hu\/index.php?rest_route=%2Fwp%2Fv2%2Fcomments&post=2712"}],"version-history":[{"count":1,"href":"https:\/\/szentistvan.dnyem.hu\/index.php?rest_route=\/wp\/v2\/posts\/2712\/revisions"}],"predecessor-version":[{"id":2713,"href":"https:\/\/szentistvan.dnyem.hu\/index.php?rest_route=\/wp\/v2\/posts\/2712\/revisions\/2713"}],"wp:attachment":[{"href":"https:\/\/szentistvan.dnyem.hu\/index.php?rest_route=%2Fwp%2Fv2%2Fmedia&parent=2712"}],"wp:term":[{"taxonomy":"category","embeddable":true,"href":"https:\/\/szentistvan.dnyem.hu\/index.php?rest_route=%2Fwp%2Fv2%2Fcategories&post=2712"},{"taxonomy":"post_tag","embeddable":true,"href":"https:\/\/szentistvan.dnyem.hu\/index.php?rest_route=%2Fwp%2Fv2%2Ftags&post=2712"}],"curies":[{"name":"wp","href":"https:\/\/api.w.org\/{rel}","templated":true}]}}