{"id":2695,"date":"2019-06-26T16:05:33","date_gmt":"2019-06-26T14:05:33","guid":{"rendered":"http:\/\/szentistvan.dnyem.hu\/?p=2695"},"modified":"2019-06-26T16:05:33","modified_gmt":"2019-06-26T14:05:33","slug":"peterfiller","status":"publish","type":"post","link":"https:\/\/szentistvan.dnyem.hu\/?p=2695","title":{"rendered":"P\u00e9terfill\u00e9r"},"content":{"rendered":"\n<p>A j\u00fanius 30-i, vas\u00e1rnapi perselyadom\u00e1nyokat a Szentsz\u00e9k jav\u00e1ra aj\u00e1nljuk fel, <a href=\"http:\/\/lexikon.katolikus.hu\/P\/p%C3%A9terfill%C3%A9r.html\">p\u00e9terfill\u00e9r<\/a> c\u00edmen.<\/p>\n","protected":false},"excerpt":{"rendered":"<p>A j\u00fanius 30-i, vas\u00e1rnapi perselyadom\u00e1nyokat a Szentsz\u00e9k jav\u00e1ra aj\u00e1nljuk fel, p\u00e9terfill\u00e9r c\u00edmen.<\/p>\n","protected":false},"author":2,"featured_media":0,"comment_status":"closed","ping_status":"open","sticky":false,"template":"","format":"standard","meta":[],"categories":[1,9,2],"tags":[],"_links":{"self":[{"href":"https:\/\/szentistvan.dnyem.hu\/index.php?rest_route=\/wp\/v2\/posts\/2695"}],"collection":[{"href":"https:\/\/szentistvan.dnyem.hu\/index.php?rest_route=\/wp\/v2\/posts"}],"about":[{"href":"https:\/\/szentistvan.dnyem.hu\/index.php?rest_route=\/wp\/v2\/types\/post"}],"author":[{"embeddable":true,"href":"https:\/\/szentistvan.dnyem.hu\/index.php?rest_route=\/wp\/v2\/users\/2"}],"replies":[{"embeddable":true,"href":"https:\/\/szentistvan.dnyem.hu\/index.php?rest_route=%2Fwp%2Fv2%2Fcomments&post=2695"}],"version-history":[{"count":1,"href":"https:\/\/szentistvan.dnyem.hu\/index.php?rest_route=\/wp\/v2\/posts\/2695\/revisions"}],"predecessor-version":[{"id":2696,"href":"https:\/\/szentistvan.dnyem.hu\/index.php?rest_route=\/wp\/v2\/posts\/2695\/revisions\/2696"}],"wp:attachment":[{"href":"https:\/\/szentistvan.dnyem.hu\/index.php?rest_route=%2Fwp%2Fv2%2Fmedia&parent=2695"}],"wp:term":[{"taxonomy":"category","embeddable":true,"href":"https:\/\/szentistvan.dnyem.hu\/index.php?rest_route=%2Fwp%2Fv2%2Fcategories&post=2695"},{"taxonomy":"post_tag","embeddable":true,"href":"https:\/\/szentistvan.dnyem.hu\/index.php?rest_route=%2Fwp%2Fv2%2Ftags&post=2695"}],"curies":[{"name":"wp","href":"https:\/\/api.w.org\/{rel}","templated":true}]}}