{"id":2693,"date":"2019-06-26T16:02:21","date_gmt":"2019-06-26T14:02:21","guid":{"rendered":"http:\/\/szentistvan.dnyem.hu\/?p=2693"},"modified":"2019-06-26T16:02:21","modified_gmt":"2019-06-26T14:02:21","slug":"jezus-szive-templom-bucsuja","status":"publish","type":"post","link":"https:\/\/szentistvan.dnyem.hu\/?p=2693","title":{"rendered":"J\u00e9zus Sz\u00edve templom b\u00facs\u00faja"},"content":{"rendered":"\n<p><strong>2019. j\u00fanius 30-\u00e1n, vas\u00e1rnap<\/strong> van a debreceni J\u00e9zus Sz\u00edve templom b\u00facs\u00faja.<\/p>\n\n\n\n<p><strong>Az \u00fcnnepi szentmise d\u00e9lel\u0151tt 9:00-kor kezd\u0151dik.<\/strong><\/p>\n\n\n\n<p>Szeretettel h\u00edvnak \u00e9s v\u00e1rnak benn\u00fcnket.<\/p>\n","protected":false},"excerpt":{"rendered":"<p>2019. j\u00fanius 30-\u00e1n, vas\u00e1rnap van a debreceni J\u00e9zus Sz\u00edve templom b\u00facs\u00faja. Az \u00fcnnepi szentmise d\u00e9lel\u0151tt 9:00-kor kezd\u0151dik. Szeretettel h\u00edvnak \u00e9s v\u00e1rnak benn\u00fcnket.<\/p>\n","protected":false},"author":2,"featured_media":0,"comment_status":"closed","ping_status":"open","sticky":false,"template":"","format":"standard","meta":[],"categories":[9,2],"tags":[],"_links":{"self":[{"href":"https:\/\/szentistvan.dnyem.hu\/index.php?rest_route=\/wp\/v2\/posts\/2693"}],"collection":[{"href":"https:\/\/szentistvan.dnyem.hu\/index.php?rest_route=\/wp\/v2\/posts"}],"about":[{"href":"https:\/\/szentistvan.dnyem.hu\/index.php?rest_route=\/wp\/v2\/types\/post"}],"author":[{"embeddable":true,"href":"https:\/\/szentistvan.dnyem.hu\/index.php?rest_route=\/wp\/v2\/users\/2"}],"replies":[{"embeddable":true,"href":"https:\/\/szentistvan.dnyem.hu\/index.php?rest_route=%2Fwp%2Fv2%2Fcomments&post=2693"}],"version-history":[{"count":1,"href":"https:\/\/szentistvan.dnyem.hu\/index.php?rest_route=\/wp\/v2\/posts\/2693\/revisions"}],"predecessor-version":[{"id":2694,"href":"https:\/\/szentistvan.dnyem.hu\/index.php?rest_route=\/wp\/v2\/posts\/2693\/revisions\/2694"}],"wp:attachment":[{"href":"https:\/\/szentistvan.dnyem.hu\/index.php?rest_route=%2Fwp%2Fv2%2Fmedia&parent=2693"}],"wp:term":[{"taxonomy":"category","embeddable":true,"href":"https:\/\/szentistvan.dnyem.hu\/index.php?rest_route=%2Fwp%2Fv2%2Fcategories&post=2693"},{"taxonomy":"post_tag","embeddable":true,"href":"https:\/\/szentistvan.dnyem.hu\/index.php?rest_route=%2Fwp%2Fv2%2Ftags&post=2693"}],"curies":[{"name":"wp","href":"https:\/\/api.w.org\/{rel}","templated":true}]}}