{"id":2680,"date":"2019-06-16T14:19:01","date_gmt":"2019-06-16T12:19:01","guid":{"rendered":"http:\/\/szentistvan.dnyem.hu\/?p=2680"},"modified":"2019-06-16T14:19:01","modified_gmt":"2019-06-16T12:19:01","slug":"koncert-es-ikonkiallitas","status":"publish","type":"post","link":"https:\/\/szentistvan.dnyem.hu\/?p=2680","title":{"rendered":"Koncert \u00e9s ikonki\u00e1ll\u00edt\u00e1s"},"content":{"rendered":"\n<p>Debrecen Megyei Jog\u00fa V\u00e1ros \u00d6rm\u00e9ny Nemzetis\u00e9gi \u00d6nkorm\u00e1nyzata szeretettel h\u00edv \u00e9s v\u00e1r benn\u00fcnket <strong>2019. j\u00fanius 22-\u00e9n, szombaton d\u00e9lut\u00e1n 14:30-t\u00f3l<\/strong> az <strong>\u00d6rm\u00e9nyorsz\u00e1g spiritu\u00e1lis var\u00e1zsa<\/strong> c\u00edm\u0171 koncertre \u00e9s ikonki\u00e1ll\u00edt\u00e1sra.<\/p>\n\n\n\n<p><strong>A helysz\u00edn: a M\u00e9liusz Juh\u00e1sz P\u00e9ter K\u00f6nyvt\u00e1r f\u00f6ldszinti el\u0151ad\u00f3terme.<\/strong><\/p>\n","protected":false},"excerpt":{"rendered":"<p>Debrecen Megyei Jog\u00fa V\u00e1ros \u00d6rm\u00e9ny Nemzetis\u00e9gi \u00d6nkorm\u00e1nyzata szeretettel h\u00edv \u00e9s v\u00e1r benn\u00fcnket 2019. j\u00fanius 22-\u00e9n, szombaton d\u00e9lut\u00e1n 14:30-t\u00f3l az \u00d6rm\u00e9nyorsz\u00e1g spiritu\u00e1lis var\u00e1zsa c\u00edm\u0171 koncertre \u00e9s&#8230;<\/p>\n","protected":false},"author":2,"featured_media":0,"comment_status":"closed","ping_status":"open","sticky":false,"template":"","format":"standard","meta":[],"categories":[9,2],"tags":[],"_links":{"self":[{"href":"https:\/\/szentistvan.dnyem.hu\/index.php?rest_route=\/wp\/v2\/posts\/2680"}],"collection":[{"href":"https:\/\/szentistvan.dnyem.hu\/index.php?rest_route=\/wp\/v2\/posts"}],"about":[{"href":"https:\/\/szentistvan.dnyem.hu\/index.php?rest_route=\/wp\/v2\/types\/post"}],"author":[{"embeddable":true,"href":"https:\/\/szentistvan.dnyem.hu\/index.php?rest_route=\/wp\/v2\/users\/2"}],"replies":[{"embeddable":true,"href":"https:\/\/szentistvan.dnyem.hu\/index.php?rest_route=%2Fwp%2Fv2%2Fcomments&post=2680"}],"version-history":[{"count":1,"href":"https:\/\/szentistvan.dnyem.hu\/index.php?rest_route=\/wp\/v2\/posts\/2680\/revisions"}],"predecessor-version":[{"id":2681,"href":"https:\/\/szentistvan.dnyem.hu\/index.php?rest_route=\/wp\/v2\/posts\/2680\/revisions\/2681"}],"wp:attachment":[{"href":"https:\/\/szentistvan.dnyem.hu\/index.php?rest_route=%2Fwp%2Fv2%2Fmedia&parent=2680"}],"wp:term":[{"taxonomy":"category","embeddable":true,"href":"https:\/\/szentistvan.dnyem.hu\/index.php?rest_route=%2Fwp%2Fv2%2Fcategories&post=2680"},{"taxonomy":"post_tag","embeddable":true,"href":"https:\/\/szentistvan.dnyem.hu\/index.php?rest_route=%2Fwp%2Fv2%2Ftags&post=2680"}],"curies":[{"name":"wp","href":"https:\/\/api.w.org\/{rel}","templated":true}]}}