{"id":2676,"date":"2019-06-16T13:49:42","date_gmt":"2019-06-16T11:49:42","guid":{"rendered":"http:\/\/szentistvan.dnyem.hu\/?p=2676"},"modified":"2019-06-16T13:49:42","modified_gmt":"2019-06-16T11:49:42","slug":"kapolnabucsu","status":"publish","type":"post","link":"https:\/\/szentistvan.dnyem.hu\/?p=2676","title":{"rendered":"K\u00e1polnab\u00facs\u00fa"},"content":{"rendered":"\n<p><strong>2019. j\u00fanius 16-\u00e1n (vas\u00e1rnap) 16:00 \u00f3r\u00e1t\u00f3l<\/strong> tartjuk a Wolaffka utcai P\u00e1duai Szent Antal k\u00e1polna b\u00facs\u00faj\u00e1t, amelyre szeretettel h\u00edvjuk \u00e9s v\u00e1rjuk a kedves testv\u00e9reket.<\/p>\n","protected":false},"excerpt":{"rendered":"<p>2019. j\u00fanius 16-\u00e1n (vas\u00e1rnap) 16:00 \u00f3r\u00e1t\u00f3l tartjuk a Wolaffka utcai P\u00e1duai Szent Antal k\u00e1polna b\u00facs\u00faj\u00e1t, amelyre szeretettel h\u00edvjuk \u00e9s v\u00e1rjuk a kedves testv\u00e9reket.<\/p>\n","protected":false},"author":2,"featured_media":0,"comment_status":"closed","ping_status":"open","sticky":false,"template":"","format":"standard","meta":[],"categories":[9,2],"tags":[],"_links":{"self":[{"href":"https:\/\/szentistvan.dnyem.hu\/index.php?rest_route=\/wp\/v2\/posts\/2676"}],"collection":[{"href":"https:\/\/szentistvan.dnyem.hu\/index.php?rest_route=\/wp\/v2\/posts"}],"about":[{"href":"https:\/\/szentistvan.dnyem.hu\/index.php?rest_route=\/wp\/v2\/types\/post"}],"author":[{"embeddable":true,"href":"https:\/\/szentistvan.dnyem.hu\/index.php?rest_route=\/wp\/v2\/users\/2"}],"replies":[{"embeddable":true,"href":"https:\/\/szentistvan.dnyem.hu\/index.php?rest_route=%2Fwp%2Fv2%2Fcomments&post=2676"}],"version-history":[{"count":1,"href":"https:\/\/szentistvan.dnyem.hu\/index.php?rest_route=\/wp\/v2\/posts\/2676\/revisions"}],"predecessor-version":[{"id":2677,"href":"https:\/\/szentistvan.dnyem.hu\/index.php?rest_route=\/wp\/v2\/posts\/2676\/revisions\/2677"}],"wp:attachment":[{"href":"https:\/\/szentistvan.dnyem.hu\/index.php?rest_route=%2Fwp%2Fv2%2Fmedia&parent=2676"}],"wp:term":[{"taxonomy":"category","embeddable":true,"href":"https:\/\/szentistvan.dnyem.hu\/index.php?rest_route=%2Fwp%2Fv2%2Fcategories&post=2676"},{"taxonomy":"post_tag","embeddable":true,"href":"https:\/\/szentistvan.dnyem.hu\/index.php?rest_route=%2Fwp%2Fv2%2Ftags&post=2676"}],"curies":[{"name":"wp","href":"https:\/\/api.w.org\/{rel}","templated":true}]}}