{"id":2674,"date":"2019-06-16T13:37:25","date_gmt":"2019-06-16T11:37:25","guid":{"rendered":"http:\/\/szentistvan.dnyem.hu\/?p=2674"},"modified":"2019-06-16T13:37:25","modified_gmt":"2019-06-16T11:37:25","slug":"urnapja-2","status":"publish","type":"post","link":"https:\/\/szentistvan.dnyem.hu\/?p=2674","title":{"rendered":"\u00darnapja"},"content":{"rendered":"\n<p>J\u00fanius 23-\u00e1n, vas\u00e1rnap lesz <a href=\"https:\/\/www.magyarkurir.hu\/hirek\/2013-junius-2-krisztus-szent-teste-es-vere-urnapja\">Krisztus Szent Teste \u00e9s V\u00e9re (\u00darnapja)<\/a> F\u0151\u00fcnnepe. J\u00f3 id\u0151 eset\u00e9n a szentmis\u00e9t k\u00f6vet\u0151en \u00farnapi k\u00f6rmenetet tartunk. A k\u00f6rmenet el\u0151k\u00e9sz\u00edt\u00e9s\u00e9hez reggel 6:30-ra k\u00e9rem a kedves testv\u00e9rekt\u0151l a seg\u00edts\u00e9get.<\/p>\n","protected":false},"excerpt":{"rendered":"<p>J\u00fanius 23-\u00e1n, vas\u00e1rnap lesz Krisztus Szent Teste \u00e9s V\u00e9re (\u00darnapja) F\u0151\u00fcnnepe. J\u00f3 id\u0151 eset\u00e9n a szentmis\u00e9t k\u00f6vet\u0151en \u00farnapi k\u00f6rmenetet tartunk. A k\u00f6rmenet el\u0151k\u00e9sz\u00edt\u00e9s\u00e9hez reggel 6:30-ra&#8230;<\/p>\n","protected":false},"author":2,"featured_media":0,"comment_status":"closed","ping_status":"open","sticky":false,"template":"","format":"standard","meta":[],"categories":[1,9,2],"tags":[],"_links":{"self":[{"href":"https:\/\/szentistvan.dnyem.hu\/index.php?rest_route=\/wp\/v2\/posts\/2674"}],"collection":[{"href":"https:\/\/szentistvan.dnyem.hu\/index.php?rest_route=\/wp\/v2\/posts"}],"about":[{"href":"https:\/\/szentistvan.dnyem.hu\/index.php?rest_route=\/wp\/v2\/types\/post"}],"author":[{"embeddable":true,"href":"https:\/\/szentistvan.dnyem.hu\/index.php?rest_route=\/wp\/v2\/users\/2"}],"replies":[{"embeddable":true,"href":"https:\/\/szentistvan.dnyem.hu\/index.php?rest_route=%2Fwp%2Fv2%2Fcomments&post=2674"}],"version-history":[{"count":1,"href":"https:\/\/szentistvan.dnyem.hu\/index.php?rest_route=\/wp\/v2\/posts\/2674\/revisions"}],"predecessor-version":[{"id":2675,"href":"https:\/\/szentistvan.dnyem.hu\/index.php?rest_route=\/wp\/v2\/posts\/2674\/revisions\/2675"}],"wp:attachment":[{"href":"https:\/\/szentistvan.dnyem.hu\/index.php?rest_route=%2Fwp%2Fv2%2Fmedia&parent=2674"}],"wp:term":[{"taxonomy":"category","embeddable":true,"href":"https:\/\/szentistvan.dnyem.hu\/index.php?rest_route=%2Fwp%2Fv2%2Fcategories&post=2674"},{"taxonomy":"post_tag","embeddable":true,"href":"https:\/\/szentistvan.dnyem.hu\/index.php?rest_route=%2Fwp%2Fv2%2Ftags&post=2674"}],"curies":[{"name":"wp","href":"https:\/\/api.w.org\/{rel}","templated":true}]}}