{"id":2664,"date":"2019-06-09T16:59:59","date_gmt":"2019-06-09T14:59:59","guid":{"rendered":"http:\/\/szentistvan.dnyem.hu\/?p=2664"},"modified":"2019-06-09T16:59:59","modified_gmt":"2019-06-09T14:59:59","slug":"egyhazi-ev-kovetkezo-szakasza","status":"publish","type":"post","link":"https:\/\/szentistvan.dnyem.hu\/?p=2664","title":{"rendered":"Egyh\u00e1zi \u00e9v k\u00f6vetkez\u0151 szakasza"},"content":{"rendered":"\n<p>J\u00fanius 9-\u00e9n, p\u00fcnk\u00f6sdvas\u00e1rnap befejez\u0151dik a <a href=\"https:\/\/archiv.katolikus.hu\/szentek2\/SZENTEK\/00000240.HTM\">h\u00fasv\u00e9ti id\u0151szak<\/a> \u00e9s kezdet\u00e9t vesz az <a href=\"http:\/\/lexikon.katolikus.hu\/E\/%C3%A9vk%C3%B6zi%20id%C5%91.html\">\u00e9vk\u00f6zi id\u0151<\/a>.<\/p>\n","protected":false},"excerpt":{"rendered":"<p>J\u00fanius 9-\u00e9n, p\u00fcnk\u00f6sdvas\u00e1rnap befejez\u0151dik a h\u00fasv\u00e9ti id\u0151szak \u00e9s kezdet\u00e9t vesz az \u00e9vk\u00f6zi id\u0151.<\/p>\n","protected":false},"author":2,"featured_media":0,"comment_status":"closed","ping_status":"open","sticky":false,"template":"","format":"standard","meta":[],"categories":[1,9],"tags":[],"_links":{"self":[{"href":"https:\/\/szentistvan.dnyem.hu\/index.php?rest_route=\/wp\/v2\/posts\/2664"}],"collection":[{"href":"https:\/\/szentistvan.dnyem.hu\/index.php?rest_route=\/wp\/v2\/posts"}],"about":[{"href":"https:\/\/szentistvan.dnyem.hu\/index.php?rest_route=\/wp\/v2\/types\/post"}],"author":[{"embeddable":true,"href":"https:\/\/szentistvan.dnyem.hu\/index.php?rest_route=\/wp\/v2\/users\/2"}],"replies":[{"embeddable":true,"href":"https:\/\/szentistvan.dnyem.hu\/index.php?rest_route=%2Fwp%2Fv2%2Fcomments&post=2664"}],"version-history":[{"count":1,"href":"https:\/\/szentistvan.dnyem.hu\/index.php?rest_route=\/wp\/v2\/posts\/2664\/revisions"}],"predecessor-version":[{"id":2665,"href":"https:\/\/szentistvan.dnyem.hu\/index.php?rest_route=\/wp\/v2\/posts\/2664\/revisions\/2665"}],"wp:attachment":[{"href":"https:\/\/szentistvan.dnyem.hu\/index.php?rest_route=%2Fwp%2Fv2%2Fmedia&parent=2664"}],"wp:term":[{"taxonomy":"category","embeddable":true,"href":"https:\/\/szentistvan.dnyem.hu\/index.php?rest_route=%2Fwp%2Fv2%2Fcategories&post=2664"},{"taxonomy":"post_tag","embeddable":true,"href":"https:\/\/szentistvan.dnyem.hu\/index.php?rest_route=%2Fwp%2Fv2%2Ftags&post=2664"}],"curies":[{"name":"wp","href":"https:\/\/api.w.org\/{rel}","templated":true}]}}