{"id":2660,"date":"2019-06-09T16:46:57","date_gmt":"2019-06-09T14:46:57","guid":{"rendered":"http:\/\/szentistvan.dnyem.hu\/?p=2660"},"modified":"2019-11-10T20:09:52","modified_gmt":"2019-11-10T18:09:52","slug":"szentmiserend-valtozas-4","status":"publish","type":"post","link":"https:\/\/szentistvan.dnyem.hu\/?p=2660","title":{"rendered":"Szentmiserend-v\u00e1ltoz\u00e1s"},"content":{"rendered":"\n<p>Ezen a h\u00e9ten h\u00e9tf\u0151n, kedden, szerd\u00e1n \u00e9s szombaton (november 11-\u00e9n, 12-\u00e9n, 13-\u00e1n \u00e9s 16-\u00e1n) nem lesz templomunkban szentmise.<\/p>\n\n\n\n<p>Cs\u00fct\u00f6rt\u00f6k\u00f6n (november 14-\u00e9n) a megszokott id\u0151pontban, este 18:00-kor, p\u00e9nteken pedig reggel 7:00-t\u00f3l lesz szentmise.<\/p>\n","protected":false},"excerpt":{"rendered":"<p>Ezen a h\u00e9ten h\u00e9tf\u0151n, kedden, szerd\u00e1n \u00e9s szombaton (november 11-\u00e9n, 12-\u00e9n, 13-\u00e1n \u00e9s 16-\u00e1n) nem lesz templomunkban szentmise. Cs\u00fct\u00f6rt\u00f6k\u00f6n (november 14-\u00e9n) a megszokott id\u0151pontban, este&#8230;<\/p>\n","protected":false},"author":2,"featured_media":0,"comment_status":"closed","ping_status":"open","sticky":false,"template":"","format":"standard","meta":[],"categories":[1,9,2],"tags":[],"_links":{"self":[{"href":"https:\/\/szentistvan.dnyem.hu\/index.php?rest_route=\/wp\/v2\/posts\/2660"}],"collection":[{"href":"https:\/\/szentistvan.dnyem.hu\/index.php?rest_route=\/wp\/v2\/posts"}],"about":[{"href":"https:\/\/szentistvan.dnyem.hu\/index.php?rest_route=\/wp\/v2\/types\/post"}],"author":[{"embeddable":true,"href":"https:\/\/szentistvan.dnyem.hu\/index.php?rest_route=\/wp\/v2\/users\/2"}],"replies":[{"embeddable":true,"href":"https:\/\/szentistvan.dnyem.hu\/index.php?rest_route=%2Fwp%2Fv2%2Fcomments&post=2660"}],"version-history":[{"count":17,"href":"https:\/\/szentistvan.dnyem.hu\/index.php?rest_route=\/wp\/v2\/posts\/2660\/revisions"}],"predecessor-version":[{"id":2908,"href":"https:\/\/szentistvan.dnyem.hu\/index.php?rest_route=\/wp\/v2\/posts\/2660\/revisions\/2908"}],"wp:attachment":[{"href":"https:\/\/szentistvan.dnyem.hu\/index.php?rest_route=%2Fwp%2Fv2%2Fmedia&parent=2660"}],"wp:term":[{"taxonomy":"category","embeddable":true,"href":"https:\/\/szentistvan.dnyem.hu\/index.php?rest_route=%2Fwp%2Fv2%2Fcategories&post=2660"},{"taxonomy":"post_tag","embeddable":true,"href":"https:\/\/szentistvan.dnyem.hu\/index.php?rest_route=%2Fwp%2Fv2%2Ftags&post=2660"}],"curies":[{"name":"wp","href":"https:\/\/api.w.org\/{rel}","templated":true}]}}