{"id":2649,"date":"2019-05-27T00:03:25","date_gmt":"2019-05-26T22:03:25","guid":{"rendered":"http:\/\/szentistvan.dnyem.hu\/?p=2649"},"modified":"2019-05-27T00:03:25","modified_gmt":"2019-05-26T22:03:25","slug":"ferenc-papa-csiksomlyon","status":"publish","type":"post","link":"https:\/\/szentistvan.dnyem.hu\/?p=2649","title":{"rendered":"Ferenc p\u00e1pa Cs\u00edksomly\u00f3n"},"content":{"rendered":"\n<p><strong>2019. j\u00fanius elsej\u00e9n, szombaton (ahogy mindannyian \u00e9rtes\u00fclt\u00fcnk r\u00f3la) Ferenc p\u00e1pa \u00fcnnepi szentmis\u00e9t mutat be Cs\u00edksomly\u00f3n. A k\u00f6zm\u00e9dia csatorn\u00e1i szombaton d\u00e9lel\u0151tt \u00e9l\u0151ben jelentkeznek majd a helysz\u00ednr\u0151l. Szeretettel aj\u00e1nlom a kedves h\u00edvek figyelm\u00e9be.<\/strong><\/p>\n","protected":false},"excerpt":{"rendered":"<p>2019. j\u00fanius elsej\u00e9n, szombaton (ahogy mindannyian \u00e9rtes\u00fclt\u00fcnk r\u00f3la) Ferenc p\u00e1pa \u00fcnnepi szentmis\u00e9t mutat be Cs\u00edksomly\u00f3n. A k\u00f6zm\u00e9dia csatorn\u00e1i szombaton d\u00e9lel\u0151tt \u00e9l\u0151ben jelentkeznek majd a helysz\u00ednr\u0151l&#8230;.<\/p>\n","protected":false},"author":2,"featured_media":0,"comment_status":"closed","ping_status":"open","sticky":false,"template":"","format":"standard","meta":[],"categories":[1,9,2],"tags":[],"_links":{"self":[{"href":"https:\/\/szentistvan.dnyem.hu\/index.php?rest_route=\/wp\/v2\/posts\/2649"}],"collection":[{"href":"https:\/\/szentistvan.dnyem.hu\/index.php?rest_route=\/wp\/v2\/posts"}],"about":[{"href":"https:\/\/szentistvan.dnyem.hu\/index.php?rest_route=\/wp\/v2\/types\/post"}],"author":[{"embeddable":true,"href":"https:\/\/szentistvan.dnyem.hu\/index.php?rest_route=\/wp\/v2\/users\/2"}],"replies":[{"embeddable":true,"href":"https:\/\/szentistvan.dnyem.hu\/index.php?rest_route=%2Fwp%2Fv2%2Fcomments&post=2649"}],"version-history":[{"count":1,"href":"https:\/\/szentistvan.dnyem.hu\/index.php?rest_route=\/wp\/v2\/posts\/2649\/revisions"}],"predecessor-version":[{"id":2650,"href":"https:\/\/szentistvan.dnyem.hu\/index.php?rest_route=\/wp\/v2\/posts\/2649\/revisions\/2650"}],"wp:attachment":[{"href":"https:\/\/szentistvan.dnyem.hu\/index.php?rest_route=%2Fwp%2Fv2%2Fmedia&parent=2649"}],"wp:term":[{"taxonomy":"category","embeddable":true,"href":"https:\/\/szentistvan.dnyem.hu\/index.php?rest_route=%2Fwp%2Fv2%2Fcategories&post=2649"},{"taxonomy":"post_tag","embeddable":true,"href":"https:\/\/szentistvan.dnyem.hu\/index.php?rest_route=%2Fwp%2Fv2%2Ftags&post=2649"}],"curies":[{"name":"wp","href":"https:\/\/api.w.org\/{rel}","templated":true}]}}